{"id":1012,"date":"2019-07-29T04:00:25","date_gmt":"2019-07-29T02:00:25","guid":{"rendered":"http:\/\/www.byvanie-praca-relax.sk\/?p=1012"},"modified":"2019-09-19T14:26:25","modified_gmt":"2019-09-19T12:26:25","slug":"stylove-a-moderne-sedenie-pre-vas-podnik-s-tymito-tipmi-nespravite-chybu","status":"publish","type":"post","link":"https:\/\/www.byvanie-praca-relax.sk\/index.php\/byvanie\/stylove-a-moderne-sedenie-pre-vas-podnik-s-tymito-tipmi-nespravite-chybu\/","title":{"rendered":"\u0160t\u00fdlov\u00e9 a modern\u00e9 sedenie pre v\u00e1\u0161 podnik? S t\u00fdmito tipmi nesprav\u00edte chybu"},"content":{"rendered":"\n<p>Prv\u00fdm\nkrokom, ako vybra\u0165 sedenie do podniku, je zoh\u013eadni\u0165 jeho dispoz\u00edciu \u2013 ste\nlimitovan\u00ed priestorom a z\u00e1kladom bude lavica pri stene? Alebo m\u00e1te ve\u013ekorys\u00fa\nplochu, na ktor\u00fa si m\u00f4\u017eete dovoli\u0165 umiestni\u0165 aj robustnej\u0161ie kresl\u00e1 a pohovky?\n\u010ci ste sa rozhodli vyu\u017ei\u0165 priestor podniku na maximum a vybrali ste si\nstoli\u010dky? Pr\u00e1ve o tejto mo\u017enosti si v \u010dl\u00e1nku prezrad\u00edme viac. <strong><\/strong><\/p>\n\n\n\n<h3 class=\"wp-block-heading\">Dr\u017ete sa konceptu<\/h3>\n\n\n\n<p><strong>Ako vybra\u0165 vhodn\u00fa stoli\u010dku do podniku<\/strong>? Dr\u017ete sa svojho konceptu \u2013 ak prev\u00e1dzkujete bistro v tradi\u010dnom franc\u00fazskom \u0161t\u00fdle, <strong>dizajnov\u00e9<\/strong> <a href=\"http:\/\/www.dublino.sk\/interierovy-nabytok\/stolicky\/drevene-stolicky\" target=\"_blank\" rel=\"noreferrer noopener\" aria-label=\" (opens in a new tab)\">dreven\u00e9 stoli\u010dky<\/a> s\u00fa skvel\u00fdm rie\u0161en\u00edm. Ak by ste ich v\u0161ak umiestnili do fast foodu v americkom \u0161t\u00fdle 20. rokov, s najv\u00e4\u010d\u0161ou pravdepodobnos\u0165ou by tam p\u00f4sobili ako p\u00e4s\u0165 na oko. <\/p>\n\n\n\n<p>Z\u00e1rove\u0148\nby ste nemali prehliada\u0165 ani funkcionalitu n\u00e1bytku \u2013 ak m\u00e1te piv\u00e1re\u0148, \u010dal\u00fanen\u00e9\nstoli\u010dky, ktor\u00e9 sa \u0165a\u017eko \u010distia, bude nesmierne n\u00e1ro\u010dn\u00e9 udr\u017ea\u0165 v dobrom stave.\nV takom pr\u00edpade odpor\u00fa\u010dame siahnu\u0165 op\u00e4\u0165 po dreven\u00fdch stoli\u010dk\u00e1ch, ktor\u00e9 s\u00fa odoln\u00e9,\nnen\u00e1ro\u010dn\u00e9 na \u00fadr\u017ebu a rozliate pivo im nijako neu\u0161kod\u00ed. <\/p>\n\n\n\n<div class=\"wp-block-image\"><figure class=\"aligncenter\"><img loading=\"lazy\" decoding=\"async\" width=\"333\" height=\"333\" src=\"http:\/\/www.byvanie-praca-relax.sk\/wp-content\/uploads\/2019\/07\/stolicka1-333x333.jpg\" alt=\"\u0161t\u00fdlov\u00e1 stoli\u010dka\" class=\"wp-image-1013\" srcset=\"https:\/\/www.byvanie-praca-relax.sk\/wp-content\/uploads\/2019\/07\/stolicka1-333x333.jpg 333w, https:\/\/www.byvanie-praca-relax.sk\/wp-content\/uploads\/2019\/07\/stolicka1-150x150.jpg 150w, https:\/\/www.byvanie-praca-relax.sk\/wp-content\/uploads\/2019\/07\/stolicka1-300x300.jpg 300w, https:\/\/www.byvanie-praca-relax.sk\/wp-content\/uploads\/2019\/07\/stolicka1.jpg 680w\" sizes=\"auto, (max-width: 333px) 100vw, 333px\" \/><figcaption>\u0161t\u00fdlov\u00e1 stoli\u010dka<\/figcaption><\/figure><\/div>\n\n\n\n<h3 class=\"wp-block-heading\">Kupujete stoli\u010dky dovn\u00fatra alebo na terasu? <\/h3>\n\n\n\n<p>Pri v\u00fdbere vhodnej stoli\u010dky do podniku sa rozhodujte aj pod\u013ea toho, \u010di ich budete <strong>pou\u017e\u00edva\u0165 iba v interi\u00e9ri, alebo pl\u00e1nujete ich vyu\u017eitie aj na letnej terase<\/strong>. Ak chcete univerz\u00e1lne rie\u0161enie, zauj\u00edmavou vo\u013ebou s\u00fa <a href=\"http:\/\/www.dublino.sk\/interierovy-nabytok\/stolicky\/plast\" target=\"_blank\" rel=\"noreferrer noopener\" aria-label=\" (opens in a new tab)\">plastov\u00e9 stoli\u010dky<\/a> \u2013 tie dnes dok\u00e1\u017eu by\u0165 u\u017e nielen <strong>pohodln\u00e9, ale aj skuto\u010dne \u0161t\u00fdlov\u00e9<\/strong>. <\/p>\n\n\n\n<p>S\u00fa <strong>nen\u00e1ro\u010dn\u00e9 na \u00fadr\u017ebu<\/strong>, preto s\u00fa vhodn\u00e9 aj\ndo podnikov, kde s\u00fa <strong>\u010dast\u00fdmi hos\u0165ami i\ndeti<\/strong>, v\u010faka n\u00edzkej hmotnosti sa s nimi <strong>\u013eahko\nmanipuluje<\/strong> a d\u00e1\u017e\u010f nie je pre ne \u017eiadnou hrozbou. Samozrejme, v\u017edy si v\u0161ak\nskontrolujte, \u010di dan\u00fd typ plastovej stoli\u010dky je vhodn\u00fd aj na exteri\u00e9rov\u00e9\npou\u017eitie. <\/p>\n\n\n\n<div class=\"wp-block-image\"><figure class=\"aligncenter\"><img loading=\"lazy\" decoding=\"async\" width=\"500\" height=\"316\" src=\"http:\/\/www.byvanie-praca-relax.sk\/wp-content\/uploads\/2019\/07\/stolicka2-500x316.jpg\" alt=\"\u0161t\u00fdlov\u00e1 stoli\u010dka\" class=\"wp-image-1014\" srcset=\"https:\/\/www.byvanie-praca-relax.sk\/wp-content\/uploads\/2019\/07\/stolicka2-500x316.jpg 500w, https:\/\/www.byvanie-praca-relax.sk\/wp-content\/uploads\/2019\/07\/stolicka2-300x189.jpg 300w, https:\/\/www.byvanie-praca-relax.sk\/wp-content\/uploads\/2019\/07\/stolicka2-768x485.jpg 768w, https:\/\/www.byvanie-praca-relax.sk\/wp-content\/uploads\/2019\/07\/stolicka2.jpg 960w\" sizes=\"auto, (max-width: 500px) 100vw, 500px\" \/><figcaption>\u0161t\u00fdlov\u00e1 stoli\u010dka<\/figcaption><\/figure><\/div>\n\n\n\n<h3 class=\"wp-block-heading\">Pokojne sa odvia\u017ete <\/h3>\n\n\n\n<p><strong>B\u00e1\u0165 sa nemus\u00edte ani odv\u00e1\u017enej\u0161\u00edch farieb<\/strong>\n\u2013 tyrkysov\u00e1, \u017elt\u00e1, oran\u017eov\u00e1 \u010di smaragdov\u00e1. Samozrejme, <strong>v\u0161etko op\u00e4\u0165 z\u00e1vis\u00ed od interi\u00e9ru v\u00e1\u0161ho podniku<\/strong>. Ak je priestor\nladen\u00fd v minimalistickom \u0161t\u00fdle, dominuj\u00fa m\u00fa pr\u00edrodn\u00e9, zemit\u00e9 alebo neutr\u00e1lne\nfarby, v takom pr\u00edpade je vo\u013eba odv\u00e1\u017enej\u0161ej farebnej kombin\u00e1cie stoli\u010diek\nskvel\u00fdm rozhodnut\u00edm. <strong>Zauj\u00edmavo vyzer\u00e1\nnapr\u00edklad tyrkysov\u00e1 s oran\u017eovou, pr\u00edpadne \u017elt\u00e1 so sivou<\/strong>. <\/p>\n\n\n\n<p>A\nnaopak, ak vo va\u0161om podniku n\u00e1jdeme na sten\u00e1ch vzorovan\u00e9 tapety, poli\u010dky s\ndekor\u00e1ciami \u010di doplnkov\u00fdm tovarom na predaj, alebo farebn\u00e9 steny, vtedy by ste\nto nemali prekombinov\u00e1va\u0165 a <strong>rad\u0161ej\nsiahnite po menej v\u00fdrazn\u00fdch farb\u00e1ch<\/strong>. Skvel\u00fdm variantom, ktor\u00fd je takmer\nuniverz\u00e1lne pou\u017eite\u013en\u00fd, s\u00fa siv\u00e9, \u010dierne a biele dreven\u00e9 stoli\u010dky. Pri v\u00fdbere n\u00e1bytku\ndo v\u00e1\u0161ho podniku sa v\u0161ak nepozerajte iba na to, \u010di sa v\u00e1m dan\u00fd k\u00fasok p\u00e1\u010di.\nUrobte krok dozadu, <strong>predstavte si, ako\nsa vybran\u00e9 stoli\u010dky bud\u00fa do priestoru hodi\u0165, a zhodno\u0165te to ako celok<\/strong>. <\/p>\n\n\n\n<p><strong>H\u013ead\u00e1te in\u0161pir\u00e1ciu pri v\u00fdbere stoli\u010diek do\nv\u00e1\u0161ho podniku<\/strong>? Vyberte si dizajnov\u00e9 aj tradi\u010dn\u00e9 k\u00fasky z&nbsp;na\u0161ej ponuky. <\/p>\n","protected":false},"excerpt":{"rendered":"<p>Prv\u00fdm krokom, ako vybra\u0165 sedenie do podniku, je zoh\u013eadni\u0165 jeho dispoz\u00edciu \u2013 ste limitovan\u00ed priestorom a z\u00e1kladom bude lavica pri stene? Alebo m\u00e1te ve\u013ekorys\u00fa plochu,&hellip;<\/p>\n","protected":false},"author":36,"featured_media":1014,"comment_status":"closed","ping_status":"closed","sticky":false,"template":"","format":"standard","meta":{"footnotes":""},"categories":[66,4,19,69,70,5,6],"tags":[],"class_list":["post-1012","post","type-post","status-publish","format-standard","has-post-thumbnail","hentry","category-byt-dom","category-byvanie","category-domacnost","category-firma-zivnost","category-kancelaria-pracovne-prostredie","category-praca","category-relax"],"_links":{"self":[{"href":"https:\/\/www.byvanie-praca-relax.sk\/index.php\/wp-json\/wp\/v2\/posts\/1012","targetHints":{"allow":["GET"]}}],"collection":[{"href":"https:\/\/www.byvanie-praca-relax.sk\/index.php\/wp-json\/wp\/v2\/posts"}],"about":[{"href":"https:\/\/www.byvanie-praca-relax.sk\/index.php\/wp-json\/wp\/v2\/types\/post"}],"author":[{"embeddable":true,"href":"https:\/\/www.byvanie-praca-relax.sk\/index.php\/wp-json\/wp\/v2\/users\/36"}],"replies":[{"embeddable":true,"href":"https:\/\/www.byvanie-praca-relax.sk\/index.php\/wp-json\/wp\/v2\/comments?post=1012"}],"version-history":[{"count":1,"href":"https:\/\/www.byvanie-praca-relax.sk\/index.php\/wp-json\/wp\/v2\/posts\/1012\/revisions"}],"predecessor-version":[{"id":1015,"href":"https:\/\/www.byvanie-praca-relax.sk\/index.php\/wp-json\/wp\/v2\/posts\/1012\/revisions\/1015"}],"wp:featuredmedia":[{"embeddable":true,"href":"https:\/\/www.byvanie-praca-relax.sk\/index.php\/wp-json\/wp\/v2\/media\/1014"}],"wp:attachment":[{"href":"https:\/\/www.byvanie-praca-relax.sk\/index.php\/wp-json\/wp\/v2\/media?parent=1012"}],"wp:term":[{"taxonomy":"category","embeddable":true,"href":"https:\/\/www.byvanie-praca-relax.sk\/index.php\/wp-json\/wp\/v2\/categories?post=1012"},{"taxonomy":"post_tag","embeddable":true,"href":"https:\/\/www.byvanie-praca-relax.sk\/index.php\/wp-json\/wp\/v2\/tags?post=1012"}],"curies":[{"name":"wp","href":"https:\/\/api.w.org\/{rel}","templated":true}]}}