{"id":1025,"date":"2019-10-16T07:57:21","date_gmt":"2019-10-16T05:57:21","guid":{"rendered":"http:\/\/www.byvanie-praca-relax.sk\/?p=1025"},"modified":"2020-06-24T21:06:59","modified_gmt":"2020-06-24T19:06:59","slug":"kancelaria-na-mieru","status":"publish","type":"post","link":"https:\/\/www.byvanie-praca-relax.sk\/index.php\/byvanie\/kancelaria-na-mieru\/","title":{"rendered":"Kancel\u00e1ria na mieru"},"content":{"rendered":"\n<p><strong>Pre\u010do si necha\u0165 vytvori\u0165 kancel\u00e1riu na mieru?<\/strong><\/p>\n\n\n\n<p>V&nbsp;kancel\u00e1rii tr\u00e1via mnoh\u00ed \u013eudia ve\u013ea \u010dasu, niekedy je to dokonca viac ne\u017e tretina cel\u00e9ho d\u0148a. Je preto d\u00f4le\u017eit\u00e9 vytvori\u0165 z&nbsp;kancel\u00e1rie priestor, v&nbsp;ktorom sa zamestnanci bud\u00fa c\u00edti\u0165 dobre. Rados\u0165 z&nbsp;pr\u00e1ce je toti\u017e z\u00e1kladom \u00faspechu celej firmy. Ak je pr\u00edjemn\u00e9 a&nbsp;funk\u010dn\u00e9 pracovn\u00e9 prostredie aj va\u0161im snom, nechajte si vytvori\u0165 kancel\u00e1riu na mieru.<\/p>\n\n\n\n<div class=\"wp-block-image\"><figure class=\"aligncenter\"><img loading=\"lazy\" decoding=\"async\" width=\"500\" height=\"281\" src=\"https:\/\/www.byvanie-praca-relax.sk\/wp-content\/uploads\/2019\/10\/kancel\u00e1ria-na-mieru-volnekancelarie.sk_-500x281.jpg\" alt=\"kancelaria na mieru - volnekacelarie\" class=\"wp-image-1026\" srcset=\"https:\/\/www.byvanie-praca-relax.sk\/wp-content\/uploads\/2019\/10\/kancel\u00e1ria-na-mieru-volnekancelarie.sk_-500x281.jpg 500w, https:\/\/www.byvanie-praca-relax.sk\/wp-content\/uploads\/2019\/10\/kancel\u00e1ria-na-mieru-volnekancelarie.sk_-300x168.jpg 300w, https:\/\/www.byvanie-praca-relax.sk\/wp-content\/uploads\/2019\/10\/kancel\u00e1ria-na-mieru-volnekancelarie.sk_-768x431.jpg 768w\" sizes=\"auto, (max-width: 500px) 100vw, 500px\" \/><figcaption>kancel\u00e1ria na mieru<\/figcaption><\/figure><\/div>\n\n\n\n<p><strong>Kancel\u00e1ria na mieru v\u00e1m u\u0161etr\u00ed \u010das i peniaze<\/strong><\/p>\n\n\n\n<p>Chyst\u00e1te sa <strong><a href=\"https:\/\/www.volnekancelarie.sk\/sluzby\/navrh-kancelarii\/\" target=\"_blank\" rel=\"noreferrer noopener\" aria-label=\" (opens in a new tab)\">zariadi\u0165 nov\u00fa kancel\u00e1riu<\/a><\/strong> a&nbsp;prem\u00fd\u0161\u013eate, <strong>ak\u00fd n\u00e1bytok vybra\u0165 a&nbsp;ako vlastne nov\u00fd interi\u00e9r zariadi\u0165<\/strong>? Prispejte k celkov\u00e9mu \u00faspechu va\u0161ej spolo\u010dnosti prostredn\u00edctvom spr\u00e1vne nastaven\u00e9ho pracovn\u00e9ho prostredia. M\u00f4\u017eete sa pok\u00fasi\u0165 vysporiada\u0165 sa s&nbsp;touto v\u00fdzvou sami. Ak v\u0161ak zver\u00edte t\u00fato \u00falohu do r\u00fak spo\u013eahlivej firmy, u\u0161etr\u00edte nielen \u010das a&nbsp;peniaze, ale aj zbyto\u010dn\u00e9 starosti. \u010co vy na to?<\/p>\n\n\n\n<p><strong>Pri zaria\u010fovan\u00ed kancel\u00e1rie hraj\u00fa hlavn\u00fa\n\u00falohu farby, materi\u00e1l a&nbsp;rozlo\u017eenie n\u00e1bytku, ale aj v\u00fdzdoba\na&nbsp;dekor\u00e1cie<\/strong>. <strong>Kancel\u00e1ria<\/strong> by\nmala by\u0165 nielen profesion\u00e1lna a&nbsp;praktick\u00e1, ale aj pr\u00edjemn\u00e1 a&nbsp;\u00fatuln\u00e1.\nRozhoduje tie\u017e fakt, \u010di bude kancel\u00e1riu vyu\u017e\u00edva\u0165 len nieko\u013eko zamestnancov\nalebo bude sl\u00fa\u017ei\u0165 na r\u00f4zne obchodn\u00e9 stretnutia \u010di porady. V&nbsp;tom pr\u00edpade by\nsa v&nbsp;nej mal nach\u00e1dza\u0165 priestor s&nbsp;konferen\u010dn\u00fdm stolom, seda\u010dkou\na&nbsp;kreslami.<\/p>\n\n\n\n<p><strong>Ka\u017ed\u00fd interi\u00e9r m\u00e1 svoje \u0161pecifik\u00e1<\/strong>.\nD\u00f4le\u017eit\u00e9 v\u0161ak je to, \u010do od neho o\u010dak\u00e1vate a&nbsp;na \u010do by mal sl\u00fa\u017ei\u0165. Ak budete\nh\u013eada\u0165 odpovede na tieto ot\u00e1zky <strong>v&nbsp;spolupr\u00e1ci\ns&nbsp;profesion\u00e1lnym interi\u00e9rov\u00fdm dizajn\u00e9rom<\/strong>, pom\u00f4\u017ee v\u00e1m ujasni\u0165 si va\u0161e\nn\u00e1roky, n\u00e1js\u0165 prienik medzi predstavami a&nbsp;realitou a&nbsp;vytvori\u0165\npraktick\u00e9 i&nbsp;estetick\u00e9 rie\u0161enie va\u0161ej kancel\u00e1rie.<\/p>\n\n\n\n<div class=\"wp-block-image\"><figure class=\"aligncenter\"><img loading=\"lazy\" decoding=\"async\" width=\"500\" height=\"281\" src=\"https:\/\/www.byvanie-praca-relax.sk\/wp-content\/uploads\/2019\/10\/zariadenie-kancelarie-na-mieru-volnekancelarie.sk_-500x281.jpg\" alt=\"kancelaria na mieru - volnekacelarie\" class=\"wp-image-1027\" srcset=\"https:\/\/www.byvanie-praca-relax.sk\/wp-content\/uploads\/2019\/10\/zariadenie-kancelarie-na-mieru-volnekancelarie.sk_-500x281.jpg 500w, https:\/\/www.byvanie-praca-relax.sk\/wp-content\/uploads\/2019\/10\/zariadenie-kancelarie-na-mieru-volnekancelarie.sk_-300x168.jpg 300w, https:\/\/www.byvanie-praca-relax.sk\/wp-content\/uploads\/2019\/10\/zariadenie-kancelarie-na-mieru-volnekancelarie.sk_-768x431.jpg 768w\" sizes=\"auto, (max-width: 500px) 100vw, 500px\" \/><figcaption>zariadenie kancel\u00e1rie na mieru<\/figcaption><\/figure><\/div>\n\n\n\n<p><strong>Pr\u00edjemn\u00e9 prostredie je z\u00e1kladom spokojnosti\nzamestnancov<\/strong><\/p>\n\n\n\n<p>Esteticky a zmysluplne zariaden\u00fd priestor m\u00e1 ve\u013ek\u00fd <strong>vplyv<\/strong> <strong>na produktivitu a&nbsp;pracovn\u00fa motiv\u00e1ciu<\/strong> v\u00e1\u0161ho t\u00edmu. Ve\u013ekou v\u00fdhodou spolupr\u00e1ce s&nbsp;firmou, ktor\u00e1 sa zaober\u00e1 realiz\u00e1ciou interi\u00e9ru, je mo\u017enos\u0165 <strong>predstavi\u0165 si vzh\u013ead nov\u00e9ho interi\u00e9ru v\u010faka digit\u00e1lnej 3D vizualiz\u00e1cii<\/strong>. Tento <strong>modern\u00fd sp\u00f4sob realiz\u00e1cie interi\u00e9ru<\/strong> v\u00e1m pom\u00f4\u017ee odhali\u0165 v\u0161etky chyby a&nbsp;nedokonalosti a&nbsp;vyladi\u0165 svoju kancel\u00e1riu k&nbsp;estetickej i&nbsp;funk\u010dnej dokonalosti.<\/p>\n\n\n\n<p><strong>Dizajn kancel\u00e1rie<\/strong> z\u00e1rove\u0148 vyjadruje\nfilozofiu va\u0161ej zna\u010dky a&nbsp;na prv\u00fd poh\u013ead prezentuje, \u010d\u00edm va\u0161a firma vlastne\nje. Pr\u00e1ve preto je d\u00f4le\u017eit\u00e9, aby va\u0161a <strong>kancel\u00e1ria\np\u00f4sobila nielen esteticky, ale tie\u017e vyjadrovala myslenie, idey a&nbsp;ciele\nva\u0161ej firmy<\/strong>. S&nbsp;t\u00fdm v\u00e1m jednoducho pom\u00f4\u017ee sk\u00fasen\u00fd architekt, ktor\u00fd m\u00e1\npreh\u013ead vo svete dizajn\u00e9rstva, n\u00e1bytku a&nbsp;interi\u00e9rov\u00fdch doplnkov.<\/p>\n","protected":false},"excerpt":{"rendered":"<p>Pre\u010do si necha\u0165 vytvori\u0165 kancel\u00e1riu na mieru? V&nbsp;kancel\u00e1rii tr\u00e1via mnoh\u00ed \u013eudia ve\u013ea \u010dasu, niekedy je to dokonca viac ne\u017e tretina cel\u00e9ho d\u0148a. Je preto d\u00f4le\u017eit\u00e9&hellip;<\/p>\n","protected":false},"author":36,"featured_media":1027,"comment_status":"closed","ping_status":"closed","sticky":false,"template":"","format":"standard","meta":{"footnotes":""},"categories":[4,69,70,5],"tags":[],"class_list":["post-1025","post","type-post","status-publish","format-standard","has-post-thumbnail","hentry","category-byvanie","category-firma-zivnost","category-kancelaria-pracovne-prostredie","category-praca"],"_links":{"self":[{"href":"https:\/\/www.byvanie-praca-relax.sk\/index.php\/wp-json\/wp\/v2\/posts\/1025","targetHints":{"allow":["GET"]}}],"collection":[{"href":"https:\/\/www.byvanie-praca-relax.sk\/index.php\/wp-json\/wp\/v2\/posts"}],"about":[{"href":"https:\/\/www.byvanie-praca-relax.sk\/index.php\/wp-json\/wp\/v2\/types\/post"}],"author":[{"embeddable":true,"href":"https:\/\/www.byvanie-praca-relax.sk\/index.php\/wp-json\/wp\/v2\/users\/36"}],"replies":[{"embeddable":true,"href":"https:\/\/www.byvanie-praca-relax.sk\/index.php\/wp-json\/wp\/v2\/comments?post=1025"}],"version-history":[{"count":3,"href":"https:\/\/www.byvanie-praca-relax.sk\/index.php\/wp-json\/wp\/v2\/posts\/1025\/revisions"}],"predecessor-version":[{"id":1030,"href":"https:\/\/www.byvanie-praca-relax.sk\/index.php\/wp-json\/wp\/v2\/posts\/1025\/revisions\/1030"}],"wp:featuredmedia":[{"embeddable":true,"href":"https:\/\/www.byvanie-praca-relax.sk\/index.php\/wp-json\/wp\/v2\/media\/1027"}],"wp:attachment":[{"href":"https:\/\/www.byvanie-praca-relax.sk\/index.php\/wp-json\/wp\/v2\/media?parent=1025"}],"wp:term":[{"taxonomy":"category","embeddable":true,"href":"https:\/\/www.byvanie-praca-relax.sk\/index.php\/wp-json\/wp\/v2\/categories?post=1025"},{"taxonomy":"post_tag","embeddable":true,"href":"https:\/\/www.byvanie-praca-relax.sk\/index.php\/wp-json\/wp\/v2\/tags?post=1025"}],"curies":[{"name":"wp","href":"https:\/\/api.w.org\/{rel}","templated":true}]}}