{"id":1066,"date":"2020-02-26T08:37:21","date_gmt":"2020-02-26T06:37:21","guid":{"rendered":"http:\/\/www.byvanie-praca-relax.sk\/?p=1066"},"modified":"2020-06-24T21:06:43","modified_gmt":"2020-06-24T19:06:43","slug":"ozivte-svoj-interier-vdaka-stylovym-dekoracnym-latkam","status":"publish","type":"post","link":"https:\/\/www.byvanie-praca-relax.sk\/index.php\/uncategorized\/ozivte-svoj-interier-vdaka-stylovym-dekoracnym-latkam\/","title":{"rendered":"O\u017eivte svoj interi\u00e9r v\u010faka \u0161t\u00fdlov\u00fdm dekora\u010dn\u00fdm l\u00e1tkam!"},"content":{"rendered":"\n<p><strong>Osvie\u017ete domov textiln\u00fdmi prvkami, ktor\u00e9 v\u00e1m vy\u010daruj\u00fa neopakovate\u013en\u00fa atmosf\u00e9ru a z\u00fatulnia va\u0161u dom\u00e1cnos\u0165.<\/strong><\/p>\n\n\n\n<p>M\u00e1te pocit, \u017ee si to u v\u00e1s doma rozhodne \u017eiada zmenu? Stavte na \u0161t\u00fdlov\u00e9, \u017eiv\u00e9 odtiene <strong>bytov\u00fdch <\/strong><a href=\"https:\/\/www.ambiente.sk\/doplnky\/\"><strong>dekora\u010dn\u00fdch doplnkov<\/strong><\/a>, ktor\u00e9 v\u00e1s rozhodne nebud\u00fa nudi\u0165. \u010co by ste povedali na s\u00fdto fialov\u00fa a staroru\u017eov\u00e1, jasne \u017elt\u00fa, oran\u017eov\u00fa \u010di tyrkysov\u00fa? M\u00e1te perfektn\u00fa pr\u00edle\u017eitos\u0165 na n\u00e1kup alebo v\u00fdrobu nov\u00fdch farebn\u00fdch <strong>oblie\u010dok na vank\u00fa\u0161e, z\u00e1vesy, obrusy alebo in\u00e9 textiln\u00e9 k\u00fasky<\/strong> do va\u0161ej dom\u00e1cnosti. \u010co tak luxusn\u00fd fialov\u00fd z\u00e1ves alebo hrejiv\u00e1 staroru\u017eov\u00e1 deka? Interi\u00e9r v\u00e1m o\u017eivia aj \u010fal\u0161ie v\u00fdrazn\u00e9 prvky v <strong>bytovom textile<\/strong>, a to leskl\u00e9 a \u201eply\u0161ov\u00e9\u201c materi\u00e1ly, najm\u00e4 zamat a sat\u00e9n. Minimalizmus je st\u00e1le v kurze a tieto materi\u00e1ly mu dodaj\u00fa ten spr\u00e1vny \u0161mrnc. V kombin\u00e1cii s kr\u00e1\u013eovskou modrou alebo ihli\u010dnanovo zelenou docielite v miestnosti dokonal\u00fa s\u00fahru akcentov. Ved\u013ea ne\u0161liapnete ani so zlat\u00fdmi a strieborn\u00fdmi doplnkami, predov\u0161etk\u00fdm <strong>dekora\u010dn\u00fdmi vank\u00fa\u0161mi alebo detailmi na z\u00e1vese<\/strong>.<\/p>\n\n\n\n<div class=\"wp-block-image\"><figure class=\"aligncenter size-large\"><img loading=\"lazy\" decoding=\"async\" width=\"500\" height=\"282\" src=\"http:\/\/www.byvanie-praca-relax.sk\/wp-content\/uploads\/2020\/02\/winterhome-ko\u017eu\u0161inov\u00e9-deky-a-vank\u00fa\u0161e-ambiente.sk_-500x282.jpg\" alt=\"winterhome-ko\u017eu\u0161inov\u00e9-deky-a-vank\u00fa\u0161e-ambiente.sk_\" class=\"wp-image-1069\" srcset=\"https:\/\/www.byvanie-praca-relax.sk\/wp-content\/uploads\/2020\/02\/winterhome-ko\u017eu\u0161inov\u00e9-deky-a-vank\u00fa\u0161e-ambiente.sk_-500x282.jpg 500w, https:\/\/www.byvanie-praca-relax.sk\/wp-content\/uploads\/2020\/02\/winterhome-ko\u017eu\u0161inov\u00e9-deky-a-vank\u00fa\u0161e-ambiente.sk_-300x169.jpg 300w, https:\/\/www.byvanie-praca-relax.sk\/wp-content\/uploads\/2020\/02\/winterhome-ko\u017eu\u0161inov\u00e9-deky-a-vank\u00fa\u0161e-ambiente.sk_-768x432.jpg 768w, https:\/\/www.byvanie-praca-relax.sk\/wp-content\/uploads\/2020\/02\/winterhome-ko\u017eu\u0161inov\u00e9-deky-a-vank\u00fa\u0161e-ambiente.sk_.jpg 1000w\" sizes=\"auto, (max-width: 500px) 100vw, 500px\" \/><\/figure><\/div>\n\n\n\n<p><strong>Nechajte prehovori\u0165 pr\u00edrodu a preneste ju do ob\u00fdva\u010dky<\/strong><\/p>\n\n\n\n<p>Milovn\u00edci pr\u00edrody bud\u00fa vo svojom \u017eivle. Stredom pozornosti je v <strong>dekora\u010dn\u00fdch l\u00e1tkach<\/strong> vlna, bavlna, juta ale aj netypick\u00e1 morsk\u00e1 tr\u00e1va a ko\u017eu\u0161iny. Samozrejmos\u0165ou s\u00fa jednofarebn\u00e9, pr\u00edrodne farben\u00e9 \u013eanov\u00e9 oblie\u010dky. Poobzerajte sa po <strong>vlnen\u00fdch dek\u00e1ch, ru\u010dne tkan\u00fdch kobercoch a \u010fal\u0161\u00edch kvalitn\u00fdch materi\u00e1loch<\/strong>. Prineste si vysn\u00edvan\u00fa dovolenku priamo do va\u0161ej ob\u00fdva\u010dky!<\/p>\n\n\n\n<div class=\"wp-block-image\"><figure class=\"aligncenter size-large\"><img loading=\"lazy\" decoding=\"async\" width=\"500\" height=\"222\" src=\"https:\/\/www.byvanie-praca-relax.sk\/wp-content\/uploads\/2020\/02\/koberce-obeetee-ambiente.sk_-500x222.jpg\" alt=\"koberce-obeetee-ambiente.sk\" class=\"wp-image-1068\" srcset=\"https:\/\/www.byvanie-praca-relax.sk\/wp-content\/uploads\/2020\/02\/koberce-obeetee-ambiente.sk_-500x222.jpg 500w, https:\/\/www.byvanie-praca-relax.sk\/wp-content\/uploads\/2020\/02\/koberce-obeetee-ambiente.sk_-300x133.jpg 300w, https:\/\/www.byvanie-praca-relax.sk\/wp-content\/uploads\/2020\/02\/koberce-obeetee-ambiente.sk_-768x341.jpg 768w, https:\/\/www.byvanie-praca-relax.sk\/wp-content\/uploads\/2020\/02\/koberce-obeetee-ambiente.sk_.jpg 785w\" sizes=\"auto, (max-width: 500px) 100vw, 500px\" \/><\/figure><\/div>\n\n\n\n<p><strong>Z\u00e1kladn\u00e9 pravidlo textiln\u00fdch dekorov<\/strong><\/p>\n\n\n\n<p>Ak m\u00e1te jednoducho\nzariaden\u00fd interi\u00e9r, pri textiln\u00fdch dekor\u00e1ci\u00e1ch ako s\u00fa vank\u00fa\u0161e alebo z\u00e1vesy,\nm\u00f4\u017eete popusti\u0165 uzdu fant\u00e1zie. Vybl\u00e1znite sa na netradi\u010dn\u00fdch, <strong>extravagantn\u00fdch\nvzorovan\u00fdch z\u00e1vesoch<\/strong> alebo na <strong>\u201echlpat\u00fdch\u201c vank\u00fa\u0161och<\/strong>, v tomto pr\u00edpade\nsa fant\u00e1zii medze neklad\u00fa! M\u00e1te rustik\u00e1lne alebo vidiecky zariaden\u00fa dom\u00e1cnos\u0165?\nZvo\u013ete jednofarebn\u00e9 vank\u00fa\u0161e, ktor\u00e9 mo\u017eno farebne obmie\u0148a\u0165 pod\u013ea ro\u010dn\u00fdch obdob\u00ed.\nS textiln\u00fdmi dekormi sa d\u00e1 skvelo \u010darova\u0165! Dotvoria ak\u00fako\u013evek pohovku, v\nokamihu s nimi premen\u00edte poste\u013e na kvetinov\u00fa z\u00e1hradu, safari \u010di stredomorsk\u00fa\npl\u00e1\u017e. <strong>Ria\u010fte sa pri ich v\u00fdbere nielen svoj\u00edm vkusom ale aj charakterom\nmiestnosti<\/strong> a docielite dokonal\u00fa harm\u00f3niu a s\u00falad.<\/p>\n","protected":false},"excerpt":{"rendered":"<p>Osvie\u017ete domov textiln\u00fdmi prvkami, ktor\u00e9 v\u00e1m vy\u010daruj\u00fa neopakovate\u013en\u00fa atmosf\u00e9ru a z\u00fatulnia va\u0161u dom\u00e1cnos\u0165. M\u00e1te pocit, \u017ee si to u v\u00e1s doma rozhodne \u017eiada zmenu? Stavte&hellip;<\/p>\n","protected":false},"author":36,"featured_media":1069,"comment_status":"closed","ping_status":"closed","sticky":false,"template":"","format":"standard","meta":{"footnotes":""},"categories":[66,4,69,70,5,1],"tags":[],"class_list":["post-1066","post","type-post","status-publish","format-standard","has-post-thumbnail","hentry","category-byt-dom","category-byvanie","category-firma-zivnost","category-kancelaria-pracovne-prostredie","category-praca","category-uncategorized"],"_links":{"self":[{"href":"https:\/\/www.byvanie-praca-relax.sk\/index.php\/wp-json\/wp\/v2\/posts\/1066","targetHints":{"allow":["GET"]}}],"collection":[{"href":"https:\/\/www.byvanie-praca-relax.sk\/index.php\/wp-json\/wp\/v2\/posts"}],"about":[{"href":"https:\/\/www.byvanie-praca-relax.sk\/index.php\/wp-json\/wp\/v2\/types\/post"}],"author":[{"embeddable":true,"href":"https:\/\/www.byvanie-praca-relax.sk\/index.php\/wp-json\/wp\/v2\/users\/36"}],"replies":[{"embeddable":true,"href":"https:\/\/www.byvanie-praca-relax.sk\/index.php\/wp-json\/wp\/v2\/comments?post=1066"}],"version-history":[{"count":2,"href":"https:\/\/www.byvanie-praca-relax.sk\/index.php\/wp-json\/wp\/v2\/posts\/1066\/revisions"}],"predecessor-version":[{"id":1070,"href":"https:\/\/www.byvanie-praca-relax.sk\/index.php\/wp-json\/wp\/v2\/posts\/1066\/revisions\/1070"}],"wp:featuredmedia":[{"embeddable":true,"href":"https:\/\/www.byvanie-praca-relax.sk\/index.php\/wp-json\/wp\/v2\/media\/1069"}],"wp:attachment":[{"href":"https:\/\/www.byvanie-praca-relax.sk\/index.php\/wp-json\/wp\/v2\/media?parent=1066"}],"wp:term":[{"taxonomy":"category","embeddable":true,"href":"https:\/\/www.byvanie-praca-relax.sk\/index.php\/wp-json\/wp\/v2\/categories?post=1066"},{"taxonomy":"post_tag","embeddable":true,"href":"https:\/\/www.byvanie-praca-relax.sk\/index.php\/wp-json\/wp\/v2\/tags?post=1066"}],"curies":[{"name":"wp","href":"https:\/\/api.w.org\/{rel}","templated":true}]}}