{"id":1087,"date":"2020-09-08T11:05:43","date_gmt":"2020-09-08T09:05:43","guid":{"rendered":"http:\/\/www.byvanie-praca-relax.sk\/?p=1087"},"modified":"2020-09-08T11:05:44","modified_gmt":"2020-09-08T09:05:44","slug":"fasady-z-trapezoveho-plechu-boria-hranicu-medzi-strechou-a-fasadou","status":"publish","type":"post","link":"https:\/\/www.byvanie-praca-relax.sk\/index.php\/byvanie\/fasady-z-trapezoveho-plechu-boria-hranicu-medzi-strechou-a-fasadou\/","title":{"rendered":"Fas\u00e1dy z trap\u00e9zov\u00e9ho plechu boria hranicu medzi strechou a fas\u00e1dou"},"content":{"rendered":"\n<div class=\"wp-block-image\"><figure class=\"aligncenter size-full\"><img loading=\"lazy\" decoding=\"async\" width=\"1556\" height=\"800\" src=\"https:\/\/www.byvanie-praca-relax.sk\/wp-content\/uploads\/2020\/09\/strecha.jpg\" alt=\"strecha z trap\u00e9zov\u00e9ho pelchu\" class=\"wp-image-1088\" srcset=\"https:\/\/www.byvanie-praca-relax.sk\/wp-content\/uploads\/2020\/09\/strecha.jpg 1556w, https:\/\/www.byvanie-praca-relax.sk\/wp-content\/uploads\/2020\/09\/strecha-300x154.jpg 300w, https:\/\/www.byvanie-praca-relax.sk\/wp-content\/uploads\/2020\/09\/strecha-500x257.jpg 500w, https:\/\/www.byvanie-praca-relax.sk\/wp-content\/uploads\/2020\/09\/strecha-768x395.jpg 768w, https:\/\/www.byvanie-praca-relax.sk\/wp-content\/uploads\/2020\/09\/strecha-1536x790.jpg 1536w\" sizes=\"auto, (max-width: 1556px) 100vw, 1556px\" \/><\/figure><\/div>\n\n\n\n<p>O tom, \u017ee trap\u00e9zov\u00fd plech m\u00e1 na trhu u\u017e svoje st\u00e1le miesto, netreba nikoho zvl\u00e1\u0161\u0165 presvied\u010da\u0165. S&nbsp;ob\u013eubou ho vyu\u017e\u00edvaj\u00fa mal\u00ed \u010di v\u00e4\u010d\u0161\u00ed stavebn\u00edci na pokrytie striech rodinn\u00fdch \u010di bytov\u00fdch domov, no&nbsp;nezastupite\u013en\u00fa \u00falohu zohr\u00e1va aj v&nbsp;priemyselnej oblasti. V\u00e4\u010d\u0161ina h\u00e1l \u010di skladov\u00fdch priestorov je zastre\u0161en\u00e1 pr\u00e1ve trap\u00e9zov\u00fdm plechom. Av\u0161ak jeho uplatnenie je ove\u013ea \u0161ir\u0161ie!<\/p>\n\n\n\n<h2 class=\"wp-block-heading\">Tam, kde kon\u010d\u00ed strecha, pokra\u010duje fas\u00e1da z&nbsp;trap\u00e9zov\u00e9ho plechu<\/h2>\n\n\n\n<p>Modern\u00e9 technol\u00f3gie pou\u017eit\u00e9 pri v\u00fdrobe plechov a\u00a0najnov\u0161ie architektonick\u00e9 trendy umo\u017enili ove\u013ea \u0161ir\u0161\u00ed z\u00e1ber <a href=\"https:\/\/www.blachotrapez.sk\/sk\/produkty\/trapezove-plechy-fasadne-a-stresne\" target=\"_blank\" rel=\"noreferrer noopener\">pou\u017eitia trap\u00e9zov\u00e9ho plechu v\u00a0stavebn\u00edctve<\/a>. Ve\u013ek\u00e9 \u010di men\u0161ie plechov\u00e9 strechy na priemyseln\u00fdch, ale aj r\u00f4znych atypick\u00fdch stavb\u00e1ch plynulo prech\u00e1dzaj\u00fa do fas\u00e1d z\u00a0trap\u00e9zov\u00e9ho plechu. Materi\u00e1l, ktor\u00fd bol doned\u00e1vna typick\u00fd len ako stre\u0161n\u00e1 krytina, tak dost\u00e1va celkom nov\u00fd rozmer. U\u017e nehovor\u00edme len o\u00a0plechovej streche \u010di oploten\u00ed, ktor\u00e9 bolo v\u00a0minulosti pova\u017eovan\u00e9 ako lacn\u00e9 a\u00a0nie pr\u00edli\u0161 vkusn\u00e9 rie\u0161enie. Oce\u013eov\u00e1 kr\u00e1sa plechu s\u00a0kvalitnou povrchovou \u00fapravou tak zotiera pomyseln\u00fa hranicu medzi strechou a\u00a0fas\u00e1dou a\u00a0rob\u00ed z\u00a0budovy jeden ucelen\u00fd a\u00a0ve\u013emi modern\u00fd a\u00a0estetick\u00fd celok. Fas\u00e1dy z\u00a0trap\u00e9zov\u00e9ho plechu s\u00fa tak \u010fal\u0161\u00edm stup\u0148om vyu\u017eitia tohto na oko chladn\u00e9ho materi\u00e1lu, ktor\u00fd n\u00e1s nikdy neprestane in\u0161pirova\u0165.<\/p>\n\n\n\n<h2 class=\"wp-block-heading\">Fas\u00e1dy z&nbsp;trap\u00e9zov\u00e9ho plechu nielen ako ekonomick\u00e9 rie\u0161enie<\/h2>\n\n\n\n<p><strong>Trap\u00e9zov\u00fd plech<\/strong> je materi\u00e1l, ktor\u00fd si v\u010faka svojim \u0161pecifick\u00fdm vlastnostiam nach\u00e1dza v\u00a0stavebn\u00edctve st\u00e1le \u0161ir\u0161ie uplatnenie. \u010ci u\u017e v\u00a0<a href=\"https:\/\/www.blachotrapez.sk\/sk\/produkty\/skridlova-krytina\" target=\"_blank\" rel=\"noreferrer noopener\">podobe stre\u0161nej krytiny<\/a>, oplotenia, alebo aj opl\u00e1\u0161tenia fas\u00e1d. V\u010faka jednoduchej manipul\u00e1cii, r\u00fdchlej mont\u00e1\u017ei a\u00a0mno\u017estvu farebn\u00fdch vari\u00e1ci\u00ed dolad\u00ed k\u00a0dokonalosti ka\u017ed\u00fd dom, gar\u00e1\u017e, pr\u00edstre\u0161ok \u010di ve\u013ek\u00fa priemyseln\u00fa alebo hospod\u00e1rsku budovu. Fas\u00e1dy z\u00a0trap\u00e9zov\u00e9ho plechu s\u00fa tak nielen r\u00fdchlym a\u00a0ekonomick\u00fdm rie\u0161en\u00edm stavieb, ale ich vysok\u00e9 kon\u0161truk\u010dn\u00e9 parametre im umo\u017e\u0148uj\u00fa aplik\u00e1ciu aj pre tie najn\u00e1ro\u010dnej\u0161ie projekty. Pr\u00e1ve pre tieto vlastnosti je trap\u00e9zov\u00fd plech s\u00a0takou ob\u013eubou vyu\u017e\u00edvan\u00fd pri kon\u0161trukci\u00e1ch ve\u013ek\u00fdch skladov\u00fdch \u010di v\u00fdrobn\u00fdch h\u00e1l. Oce\u013eov\u00e1 kr\u00e1sa fas\u00e1d z\u00a0trap\u00e9zov\u00e9ho plechu si v\u0161ak na\u0161la svoje pevn\u00e9 miesto aj na fas\u00e1dach budov n\u00e1\u0161ho spolo\u010densk\u00e9ho a\u00a0kult\u00farneho \u017eivota. S\u00fa ozdobou mnoh\u00fdch kancel\u00e1rskych, obchodn\u00fdch, ale aj verejn\u00fdch priestorov.<\/p>\n\n\n\n<p>V\u010faka svojmu modern\u00e9mu dizajnu, dlhej \u017eivotnosti a&nbsp;variabilite pou\u017eitia tak dok\u00e1\u017eu fas\u00e1dy z&nbsp;trap\u00e9zov\u00e9ho plechu vd\u00fdchnu\u0165 ka\u017ed\u00e9mu projektu jedine\u010dnos\u0165 a&nbsp;vysok\u00fa estetick\u00fa hodnotu.<\/p>\n","protected":false},"excerpt":{"rendered":"<p>O tom, \u017ee trap\u00e9zov\u00fd plech m\u00e1 na trhu u\u017e svoje st\u00e1le miesto, netreba nikoho zvl\u00e1\u0161\u0165 presvied\u010da\u0165. S&nbsp;ob\u013eubou ho vyu\u017e\u00edvaj\u00fa mal\u00ed \u010di v\u00e4\u010d\u0161\u00ed stavebn\u00edci na pokrytie&hellip;<\/p>\n","protected":false},"author":36,"featured_media":1088,"comment_status":"closed","ping_status":"closed","sticky":true,"template":"","format":"standard","meta":{"footnotes":""},"categories":[66,4,19],"tags":[],"class_list":["post-1087","post","type-post","status-publish","format-standard","has-post-thumbnail","hentry","category-byt-dom","category-byvanie","category-domacnost"],"_links":{"self":[{"href":"https:\/\/www.byvanie-praca-relax.sk\/index.php\/wp-json\/wp\/v2\/posts\/1087","targetHints":{"allow":["GET"]}}],"collection":[{"href":"https:\/\/www.byvanie-praca-relax.sk\/index.php\/wp-json\/wp\/v2\/posts"}],"about":[{"href":"https:\/\/www.byvanie-praca-relax.sk\/index.php\/wp-json\/wp\/v2\/types\/post"}],"author":[{"embeddable":true,"href":"https:\/\/www.byvanie-praca-relax.sk\/index.php\/wp-json\/wp\/v2\/users\/36"}],"replies":[{"embeddable":true,"href":"https:\/\/www.byvanie-praca-relax.sk\/index.php\/wp-json\/wp\/v2\/comments?post=1087"}],"version-history":[{"count":2,"href":"https:\/\/www.byvanie-praca-relax.sk\/index.php\/wp-json\/wp\/v2\/posts\/1087\/revisions"}],"predecessor-version":[{"id":1090,"href":"https:\/\/www.byvanie-praca-relax.sk\/index.php\/wp-json\/wp\/v2\/posts\/1087\/revisions\/1090"}],"wp:featuredmedia":[{"embeddable":true,"href":"https:\/\/www.byvanie-praca-relax.sk\/index.php\/wp-json\/wp\/v2\/media\/1088"}],"wp:attachment":[{"href":"https:\/\/www.byvanie-praca-relax.sk\/index.php\/wp-json\/wp\/v2\/media?parent=1087"}],"wp:term":[{"taxonomy":"category","embeddable":true,"href":"https:\/\/www.byvanie-praca-relax.sk\/index.php\/wp-json\/wp\/v2\/categories?post=1087"},{"taxonomy":"post_tag","embeddable":true,"href":"https:\/\/www.byvanie-praca-relax.sk\/index.php\/wp-json\/wp\/v2\/tags?post=1087"}],"curies":[{"name":"wp","href":"https:\/\/api.w.org\/{rel}","templated":true}]}}