{"id":18,"date":"2012-07-08T20:00:59","date_gmt":"2012-07-08T18:00:59","guid":{"rendered":"http:\/\/www.byvanie-praca-relax.sk\/Index.php\/?p=18"},"modified":"2012-07-08T22:48:42","modified_gmt":"2012-07-08T20:48:42","slug":"art-cool-klimatizacie-pre-obytne-budovy","status":"publish","type":"post","link":"https:\/\/www.byvanie-praca-relax.sk\/index.php\/byvanie\/art-cool-klimatizacie-pre-obytne-budovy\/","title":{"rendered":"ART COOL klimatiz\u00e1cie pre obytn\u00e9 budovy"},"content":{"rendered":"<p><img decoding=\"async\" class=\"alignright\" title=\"Klimatiz\u00e1cie ART COOL od LG\" src=\"http:\/\/pmklima.sk\/images\/klimatizacie\/art-cool-klimatizacie-p.jpg\" alt=\"Klimatiz\u00e1cie ART COOL od LG\" width=\"250px\" height=\"252px\" \/>ART  COOL od LG ur\u010dite skr\u00e1\u0161li v\u00e1\u0161 obytn\u00fd priestor. Svetovo uzn\u00e1van\u00fd jemn\u00fd  dizajn zaujme va\u0161u pozornos\u0165. Ok\u00fazlia v\u00e1s tie\u017e v\u00fdkonn\u00fdm chladen\u00edm.  Zapl\u0148te V\u00e1\u0161 priestor pr\u00edjemn\u00fdm chladiv\u00fdm v\u00e1nkom a kvalitn\u00fdm dizajnom ART  COOL od LG.<\/p>\n<h2>N\u00edzka hladina hluku<\/h2>\n<p>Vn\u00fatorn\u00e1 jednotka m\u00e1 n\u00edzku prev\u00e1dzkov\u00fa hladinu hluku aj v  pokojovom re\u017eime a poskytje v\u00e1m tak pokoj pre va\u0161u sp\u00e1le\u0148 alebo  kancel\u00e1riu. Napr\u00edklad model CO9AWR spolo\u010dnosti LG m\u00e1 v pokojovom re\u017eime  len 20dB, vonkaj\u0161ie jednotky maj\u00fa zn\u00ed\u017een\u00fd po\u010det vibr\u00e1ci\u00ed a hluku v\u010faka  ve\u013emi pokojn\u00e9mu ventil\u00e1toru a motoru.<\/p>\n<h2>Vymenite\u013en\u00e9 farebn\u00e9 kryty<\/h2>\n<p>Je k dispoz\u00edcii v troch farb\u00e1ch, ktor\u00e9 sa daj\u00fa \u013eahko  vymie\u0148a\u0165. Modern\u00fd dizajn a ve\u013emi kvalitn\u00e1 povrchov\u00e1 \u00faprava podtrhn\u00fa  ak\u00e9ko\u013evek vn\u00fatorn\u00e9 vybavenie. Invertorov\u00e9 jednotky LG s\u00fa tak \u00faspornej\u0161ie  a \u00fa\u010dinnej\u0161ie na prev\u00e1dzku, vytv\u00e1raj\u00fa menej hluku ako \u0161tandardn\u00e9 podobn\u00e9  v\u00fdrobky a zachov\u00e1vaj\u00fa si najlep\u0161ie vlastnosti na trhu. V\u0161etky LG  invertorov\u00e9 jednotky <a title=\"V\u00fdhody LG invertorov\u00fdch klimatiz\u00e1ci\u00ed\" href=\"http:\/\/pmklima.sk\/novinky\/invertory-od-lg.html\">maj\u00fa 6 hlavn\u00fdch v\u00fdhod<\/a>, v\u010d\u00edtane \u0161peci\u00e1lnych vlastnost\u00ed.<\/p>\n<h2>Vymenite\u013en\u00e9 fotografie<\/h2>\n<p>M\u00f4\u017ee sa sta\u0165, \u017ee sa v\u00e1m po dlh\u0161ej dobe nebude vzh\u013ead  klimatiz\u00e1cie p\u00e1\u010di\u0165. Pomocou revolu\u010dn\u00e9ho syst\u00e9mu LG ART COOL s v\u00fdmenn\u00fdmi  fotografiami m\u00f4\u017eete jednoduch\u00fdm sp\u00f4sobom zmeni\u0165 vzh\u013ead va\u0161ej  klimatiza\u010dnej jednotky pod\u013ea toho, ako chcete a kedy chcete vy sami.<\/p>\n<p style=\"text-align: center;\"><img decoding=\"async\" class=\"aligncenter\" title=\"ART COOL od LG s v\u00fdmenou fotografi\u00ed\" src=\"http:\/\/pmklima.sk\/images\/klimatizacie\/art-cool-klimatizacie-s-vym.jpg\" alt=\"ART COOL od LG s v\u00fdmenou fotografi\u00ed\" width=\"522px\" height=\"248px\" \/><br \/>\nV\u00fdmena fotografi\u00ed v syst\u00e9me ART COOL je jednoduch\u00e1<\/p>\n","protected":false},"excerpt":{"rendered":"<p>ART COOL od LG ur\u010dite skr\u00e1\u0161li v\u00e1\u0161 obytn\u00fd priestor. Svetovo uzn\u00e1van\u00fd jemn\u00fd dizajn zaujme va\u0161u pozornos\u0165. Ok\u00fazlia v\u00e1s tie\u017e v\u00fdkonn\u00fdm chladen\u00edm. Zapl\u0148te V\u00e1\u0161 priestor pr\u00edjemn\u00fdm&hellip;<\/p>\n","protected":false},"author":6,"featured_media":0,"comment_status":"open","ping_status":"open","sticky":false,"template":"","format":"standard","meta":{"footnotes":""},"categories":[66,4],"tags":[8,10,11,12],"class_list":["post-18","post","type-post","status-publish","format-standard","hentry","category-byt-dom","category-byvanie","tag-alergici","tag-interier","tag-klimatizacia","tag-kurenie"],"_links":{"self":[{"href":"https:\/\/www.byvanie-praca-relax.sk\/index.php\/wp-json\/wp\/v2\/posts\/18","targetHints":{"allow":["GET"]}}],"collection":[{"href":"https:\/\/www.byvanie-praca-relax.sk\/index.php\/wp-json\/wp\/v2\/posts"}],"about":[{"href":"https:\/\/www.byvanie-praca-relax.sk\/index.php\/wp-json\/wp\/v2\/types\/post"}],"author":[{"embeddable":true,"href":"https:\/\/www.byvanie-praca-relax.sk\/index.php\/wp-json\/wp\/v2\/users\/6"}],"replies":[{"embeddable":true,"href":"https:\/\/www.byvanie-praca-relax.sk\/index.php\/wp-json\/wp\/v2\/comments?post=18"}],"version-history":[{"count":8,"href":"https:\/\/www.byvanie-praca-relax.sk\/index.php\/wp-json\/wp\/v2\/posts\/18\/revisions"}],"predecessor-version":[{"id":276,"href":"https:\/\/www.byvanie-praca-relax.sk\/index.php\/wp-json\/wp\/v2\/posts\/18\/revisions\/276"}],"wp:attachment":[{"href":"https:\/\/www.byvanie-praca-relax.sk\/index.php\/wp-json\/wp\/v2\/media?parent=18"}],"wp:term":[{"taxonomy":"category","embeddable":true,"href":"https:\/\/www.byvanie-praca-relax.sk\/index.php\/wp-json\/wp\/v2\/categories?post=18"},{"taxonomy":"post_tag","embeddable":true,"href":"https:\/\/www.byvanie-praca-relax.sk\/index.php\/wp-json\/wp\/v2\/tags?post=18"}],"curies":[{"name":"wp","href":"https:\/\/api.w.org\/{rel}","templated":true}]}}