{"id":203,"date":"2012-05-29T17:36:52","date_gmt":"2012-05-29T15:36:52","guid":{"rendered":"http:\/\/www.byvanie-praca-relax.sk\/Index.php\/?p=203"},"modified":"2012-05-29T23:57:48","modified_gmt":"2012-05-29T21:57:48","slug":"umele-kvety-v-kancelariach-a-firmach","status":"publish","type":"post","link":"https:\/\/www.byvanie-praca-relax.sk\/index.php\/praca\/umele-kvety-v-kancelariach-a-firmach\/","title":{"rendered":"Umel\u00e9 kvety v kancel\u00e1ri\u00e1ch a firm\u00e1ch"},"content":{"rendered":"<p>Dne\u0161n\u00fd modern\u00fd \u010dlovek tr\u00e1vi takmer v\u00e4\u010d\u0161inu svojho denn\u00e9ho \u010dasu v zamestnan\u00ed. \u00a0Be\u017ene \u00a08 aj viac hod\u00edn b\u00fdva \u00a0zatvoren\u00fd v kancel\u00e1rii. V\u0161eobecne plat\u00ed, aj pr\u00edslovie n\u00e1m o tom hovor\u00ed, \u017ee pr\u00e1ca \u0161\u013eacht\u00ed \u010dloveka. Ale pri dlhodobom pobyte v budov\u00e1ch sa \u010dasto vyskytn\u00fa u \u013eud\u00ed negat\u00edvne n\u00e1sledky ako \u00fanava o\u010d\u00ed, boles\u0165 hlavy,at\u010f ako d\u00f4sledok neprirodzen\u00e9ho prostredia. V budov\u00e1ch a hlavne v t\u00fdch modern\u00fdch nem\u00e1me mo\u017enos\u0165 vn\u00edma\u0165 denn\u00e9 svetlo a ch\u00fdba n\u00e1m dotyk s pr\u00edrodou. Za to v\u0161etko zaplat\u00edme da\u0148, ktor\u00e1 sa neraz rovn\u00e1 strate energie, stresu, zn\u00ed\u017eeniu pracovn\u00e9ho v\u00fdkonu a motiv\u00e1cie.<\/p>\n<h2>Ako to m\u00f4\u017eme zmeni\u0165 k lep\u0161iemu?<\/h2>\n<p>Prinesme si medzi tieto \u0161tyri steny, ktor\u00e9 s\u00fa na ist\u00fd \u010das v priebehu d\u0148a na\u0161\u00edm druh\u00fdm domovom, k\u00fasok zelene. A m\u00f4\u017ee by\u0165 aj umel\u00e1. T\u00e1 je vhodn\u00e1 najm\u00e4 pre zanepr\u00e1zdnen\u00fdch \u013eud\u00ed, ktor\u00ed nemaj\u00fa mo\u017enos\u0165 stara\u0165 sa o \u017eiv\u00e9 kvietky. <a title=\"Umel\u00e9 stromy a okrasn\u00e9 rastliny\" href=\"http:\/\/dekora.sk\/katalog-umele-kvety-stromy-vence-kytice-dekoracie\/stromy-a-okrasne-dreviny-bonsaje-vyzdoba-interierov\" target=\"_blank\">Zele\u0148 <\/a>p\u00f4sob\u00ed aj na kreativitu. Nielen pre kancel\u00e1rskych pracovn\u00edkov s\u00fa tak umel\u00e9 rastliny mo\u017enos\u0165ou, ako si spr\u00edjemni\u0165 pr\u00e1cu a mo\u017eno aj zlep\u0161i\u0165\u00a0 ich produktivitu. Pre s\u00fa\u010dasn\u00e9ho \u010dloveka to m\u00f4\u017ee by\u0165 cesta, ako zminimalizova\u0165 stresov\u00e9 situ\u00e1cie v zamestnan\u00ed. Rastliny, aj tie umel\u00e9 n\u00e1s m\u00f4\u017eu vr\u00e1ti\u0165 do harm\u00f3nie s okolit\u00fdm svetom a t\u00fdm, \u010do v \u0148om pre\u017e\u00edvame.Ponuka <a title=\"Umel\u00e9 kvety, rastliny a kytice domov i do firmy\" href=\"http:\/\/www.dekora.sk\" target=\"_blank\">umel\u00fdch rastl\u00edn<\/a> je ve\u013emi bohat\u00e1. Vybra\u0165 si m\u00f4\u017eete z kvetov, stromov, kaktusov,bambusov, paliem a in\u00fdch. A tak z\u00e1le\u017e\u00ed iba na V\u00e1s \u010domu d\u00e1te prednos\u0165 pri v\u00fdbere. Umel\u00e9 kvety si vy\u017eaduj\u00fa minimum na\u0161ej starostlivosti, ale ich odmenou pre n\u00e1s bude pr\u00edjemnej\u0161ie str\u00e1ven\u00fd \u010das pri na\u0161ej pr\u00e1ci ka\u017edodennej.<\/p>\n<p>&nbsp;<\/p>\n","protected":false},"excerpt":{"rendered":"<p>Dne\u0161n\u00fd modern\u00fd \u010dlovek tr\u00e1vi takmer v\u00e4\u010d\u0161inu svojho denn\u00e9ho \u010dasu v zamestnan\u00ed. \u00a0Be\u017ene \u00a08 aj viac hod\u00edn b\u00fdva \u00a0zatvoren\u00fd v kancel\u00e1rii. V\u0161eobecne plat\u00ed, aj pr\u00edslovie n\u00e1m&hellip;<\/p>\n","protected":false},"author":5,"featured_media":0,"comment_status":"open","ping_status":"open","sticky":false,"template":"","format":"standard","meta":{"footnotes":""},"categories":[69,70,5],"tags":[9,10,7],"class_list":["post-203","post","type-post","status-publish","format-standard","hentry","category-firma-zivnost","category-kancelaria-pracovne-prostredie","category-praca","tag-dekoracie","tag-interier","tag-umele-kvety"],"_links":{"self":[{"href":"https:\/\/www.byvanie-praca-relax.sk\/index.php\/wp-json\/wp\/v2\/posts\/203","targetHints":{"allow":["GET"]}}],"collection":[{"href":"https:\/\/www.byvanie-praca-relax.sk\/index.php\/wp-json\/wp\/v2\/posts"}],"about":[{"href":"https:\/\/www.byvanie-praca-relax.sk\/index.php\/wp-json\/wp\/v2\/types\/post"}],"author":[{"embeddable":true,"href":"https:\/\/www.byvanie-praca-relax.sk\/index.php\/wp-json\/wp\/v2\/users\/5"}],"replies":[{"embeddable":true,"href":"https:\/\/www.byvanie-praca-relax.sk\/index.php\/wp-json\/wp\/v2\/comments?post=203"}],"version-history":[{"count":4,"href":"https:\/\/www.byvanie-praca-relax.sk\/index.php\/wp-json\/wp\/v2\/posts\/203\/revisions"}],"predecessor-version":[{"id":208,"href":"https:\/\/www.byvanie-praca-relax.sk\/index.php\/wp-json\/wp\/v2\/posts\/203\/revisions\/208"}],"wp:attachment":[{"href":"https:\/\/www.byvanie-praca-relax.sk\/index.php\/wp-json\/wp\/v2\/media?parent=203"}],"wp:term":[{"taxonomy":"category","embeddable":true,"href":"https:\/\/www.byvanie-praca-relax.sk\/index.php\/wp-json\/wp\/v2\/categories?post=203"},{"taxonomy":"post_tag","embeddable":true,"href":"https:\/\/www.byvanie-praca-relax.sk\/index.php\/wp-json\/wp\/v2\/tags?post=203"}],"curies":[{"name":"wp","href":"https:\/\/api.w.org\/{rel}","templated":true}]}}