{"id":480,"date":"2016-04-21T10:39:14","date_gmt":"2016-04-21T08:39:14","guid":{"rendered":"http:\/\/www.byvanie-praca-relax.sk\/?p=480"},"modified":"2018-09-13T22:46:03","modified_gmt":"2018-09-13T20:46:03","slug":"s-letom-pridu-horucavy-zachrani-vas-klimatizacia","status":"publish","type":"post","link":"https:\/\/www.byvanie-praca-relax.sk\/index.php\/byvanie\/s-letom-pridu-horucavy-zachrani-vas-klimatizacia\/","title":{"rendered":"S\u00a0letom pr\u00eddu hor\u00fa\u010davy. Zachr\u00e1ni v\u00e1s klimatiz\u00e1cia!"},"content":{"rendered":"<p><em>Zd\u00e1 sa v\u00e1m to skoro? Ur\u010dite nie. Ka\u017ed\u00fdm rokom sa zmaz\u00e1va rozdiel medzi zimou a letom. Jar ako sme ju kedysi poznali u\u017e takmer neexistuje. Z\u00a0tepl\u00f4t okolo 3 stup\u0148ov ideme zo d\u0148a na de\u0148 do 20 stup\u0148ov\u00fdch dn\u00ed. Potom to vyst\u00fapi nad tridsa\u0165 a\u00a0sme hotov\u00ed. Aj preto je u\u017e teraz predaj klimatiz\u00e1ci\u00ed v\u00a0plnom pr\u00fade.<\/em><\/p>\n<p>Klimatiz\u00e1cia bola kedysi be\u017enou s\u00fa\u010das\u0165ou pr\u00edbytkov a\u00a0kancel\u00e1ri\u00ed v\u00a0ju\u017en\u00fdch \u0161t\u00e1toch. My sme ju na dovolenk\u00e1ch vn\u00edmali ako exotiku. Dnes je vo firme \u00faplne be\u017enou vecou a\u00a0dost\u00e1va sa aj do dom\u00e1cnost\u00ed. Predaj klimatiz\u00e1ci\u00ed rastie priamo \u00famerne s\u00a0rastom denn\u00fdch tepl\u00f4t. Neparte sa doma a\u00a0k\u00fapte si ju tie\u017e.<\/p>\n<figure id=\"attachment_482\" aria-describedby=\"caption-attachment-482\" style=\"width: 500px\" class=\"wp-caption aligncenter\"><img loading=\"lazy\" decoding=\"async\" class=\"wp-image-482 size-large\" title=\"Air Conditioner\" src=\"https:\/\/www.byvanie-praca-relax.sk\/wp-content\/uploads\/2016\/04\/klimatizacia-mmklima.sk_-500x375.jpg\" alt=\"S\u00a0letom pr\u00eddu hor\u00fa\ufffdavy. Zachr\u00e1ni v\u00e1s klimatiz\u00e1cia!\" width=\"500\" height=\"375\" srcset=\"https:\/\/www.byvanie-praca-relax.sk\/wp-content\/uploads\/2016\/04\/klimatizacia-mmklima.sk_-500x375.jpg 500w, https:\/\/www.byvanie-praca-relax.sk\/wp-content\/uploads\/2016\/04\/klimatizacia-mmklima.sk_-300x225.jpg 300w, https:\/\/www.byvanie-praca-relax.sk\/wp-content\/uploads\/2016\/04\/klimatizacia-mmklima.sk_-768x576.jpg 768w, https:\/\/www.byvanie-praca-relax.sk\/wp-content\/uploads\/2016\/04\/klimatizacia-mmklima.sk_-1024x768.jpg 1024w, https:\/\/www.byvanie-praca-relax.sk\/wp-content\/uploads\/2016\/04\/klimatizacia-mmklima.sk_.jpg 1459w\" sizes=\"auto, (max-width: 500px) 100vw, 500px\" \/><figcaption id=\"caption-attachment-482\" class=\"wp-caption-text\"><\/p>\n<p>S\u00a0letom pr\u00eddu hor\u00fa\u010davy. Zachr\u00e1ni v\u00e1s klimatiz\u00e1cia!<\/figcaption><\/figure>\n<h2>Klimatiz\u00e1cia je u\u017e be\u017en\u00e1 aj v\u00a0dom\u00e1cnostiach<\/h2>\n<p>Staviame si pr\u00edzemn\u00e9 dom\u010deky alebo chceme b\u00fdva\u0165 v\u00a0podkrovn\u00fdch bytoch. Toto v\u0161etko s\u00fa n\u00e1dhern\u00e9 sp\u00f4soby b\u00fdvania, ktor\u00e9 maj\u00fa svoje \u010daro. V\u00a0zime.<\/p>\n<p>V\u00a0lete sa v\u00a0t\u00fdchto priestoroch bez klimatiz\u00e1cie nepohnete. <a title=\"Dobr\u00e1 kl\u00edma\" href=\"http:\/\/www.mmklima.sk\/sluzby\/domacnost-klimatizacie-daikin\" target=\"_blank\" rel=\"noopener\">Dobr\u00e1 kl\u00edma<\/a> je z\u00e1kladom ka\u017ed\u00e9ho ob\u00fdvan\u00e9ho podkrovia a\u00a0pr\u00edzemn\u00e9ho domu. Neberte to ako zbyto\u010dn\u00fd luxus, inak budete prekl\u00edna\u0165 ka\u017ed\u00fd noc od m\u00e1ja do septembra. Nehovoriac o\u00a0tom, \u017ee pre deti a\u00a0star\u0161\u00edch \u013eud\u00ed je pr\u00edjemn\u00fd vzduch doma z\u00e1kladom zdravia. Nesmie sa to s\u00a0\u0148ou v\u0161ak prehna\u0165. Nemalo by na v\u00e1s f\u00faka\u0165. Vzduch m\u00e1 klimatiz\u00e1cia iba pr\u00edjemne schladi\u0165. Po\u010duli ste o\u00a0tom, \u017ee s\u00fa v\u00a0\u0148om z\u00a0klimatiz\u00e1cie \u0161kodliviny? Nezmysel. Kvalitn\u00e9 klimatiz\u00e1cie s\u00fa pr\u00e1ve naopak roben\u00e9 tak, aby vzduch filtrovali a\u00a0zbavovali bakt\u00e9ri\u00ed. Preto sa aj filtre musia \u010disti\u0165. Zachyt\u00e1vaj\u00fa sa na nich alerg\u00e9nne l\u00e1tky, ktor\u00e9 v\u00e1m \u010dasom m\u00f4\u017eu za\u010da\u0165 \u0161kodi\u0165. Pri spr\u00e1vnej \u00fadr\u017ebe je kl\u00edma proste pomocn\u00edkom.<\/p>\n<h2>Mont\u00e1\u017e klimatiz\u00e1cie? T\u00fa zabezpe\u010d\u00ed firma<\/h2>\n<p>Ak sa boj\u00edte \u00fadr\u017eby alebo <a title=\"Mont\u00e1\u017e klimatiz\u00e1cie\" href=\"http:\/\/www.mmklima.sk\/sluzby\/montaz-systemu-uvedenie-do-prevadzky\" target=\"_blank\" rel=\"noopener\">mont\u00e1\u017ee klimatiz\u00e1cie<\/a>, vyho\u010fte si to z\u00a0hlavy. Ka\u017ed\u00fd dobr\u00fd predajca tak\u00fdchto zariaden\u00ed je aj radcom, servisom a\u00a0samozrejme klimatiz\u00e1ciu aj in\u0161taluje. U\u017e m\u00e1te aj n\u00e1vod ako si klimatiz\u00e1ciu vybra\u0165. Ak firma zabezpe\u010duje kroky od A\u00a0po Z, ste na spr\u00e1vnej adrese. Predsa len ma\u0165 doma klimatiz\u00e1ciu je pre n\u00e1s st\u00e1le novinka a\u00a0tak mus\u00edme ma\u0165 spo\u013eahliv\u00fd servis, ktor\u00fd porad\u00ed aj pr\u00edde zariadenie pri poruche opravi\u0165.<\/p>\n<p>Tak presved\u010dili sme v\u00e1s, \u017ee je \u010das na vlastn\u00fa dom\u00e1cu kl\u00edmu?<\/p>\n","protected":false},"excerpt":{"rendered":"<p>Zd\u00e1 sa v\u00e1m to skoro? Ur\u010dite nie. Ka\u017ed\u00fdm rokom sa zmaz\u00e1va rozdiel medzi zimou a letom. Jar ako sme ju kedysi poznali u\u017e takmer neexistuje.&hellip;<\/p>\n","protected":false},"author":31,"featured_media":482,"comment_status":"open","ping_status":"open","sticky":false,"template":"","format":"standard","meta":{"footnotes":""},"categories":[4,19],"tags":[10,11,12,27,25,23],"class_list":["post-480","post","type-post","status-publish","format-standard","has-post-thumbnail","hentry","category-byvanie","category-domacnost","tag-interier","tag-klimatizacia","tag-kurenie","tag-pracovne-prostredie","tag-sezona","tag-ubytovanie"],"_links":{"self":[{"href":"https:\/\/www.byvanie-praca-relax.sk\/index.php\/wp-json\/wp\/v2\/posts\/480","targetHints":{"allow":["GET"]}}],"collection":[{"href":"https:\/\/www.byvanie-praca-relax.sk\/index.php\/wp-json\/wp\/v2\/posts"}],"about":[{"href":"https:\/\/www.byvanie-praca-relax.sk\/index.php\/wp-json\/wp\/v2\/types\/post"}],"author":[{"embeddable":true,"href":"https:\/\/www.byvanie-praca-relax.sk\/index.php\/wp-json\/wp\/v2\/users\/31"}],"replies":[{"embeddable":true,"href":"https:\/\/www.byvanie-praca-relax.sk\/index.php\/wp-json\/wp\/v2\/comments?post=480"}],"version-history":[{"count":8,"href":"https:\/\/www.byvanie-praca-relax.sk\/index.php\/wp-json\/wp\/v2\/posts\/480\/revisions"}],"predecessor-version":[{"id":855,"href":"https:\/\/www.byvanie-praca-relax.sk\/index.php\/wp-json\/wp\/v2\/posts\/480\/revisions\/855"}],"wp:featuredmedia":[{"embeddable":true,"href":"https:\/\/www.byvanie-praca-relax.sk\/index.php\/wp-json\/wp\/v2\/media\/482"}],"wp:attachment":[{"href":"https:\/\/www.byvanie-praca-relax.sk\/index.php\/wp-json\/wp\/v2\/media?parent=480"}],"wp:term":[{"taxonomy":"category","embeddable":true,"href":"https:\/\/www.byvanie-praca-relax.sk\/index.php\/wp-json\/wp\/v2\/categories?post=480"},{"taxonomy":"post_tag","embeddable":true,"href":"https:\/\/www.byvanie-praca-relax.sk\/index.php\/wp-json\/wp\/v2\/tags?post=480"}],"curies":[{"name":"wp","href":"https:\/\/api.w.org\/{rel}","templated":true}]}}