{"id":884,"date":"2018-09-13T23:33:09","date_gmt":"2018-09-13T21:33:09","guid":{"rendered":"http:\/\/www.byvanie-praca-relax.sk\/?p=884"},"modified":"2018-09-14T09:08:45","modified_gmt":"2018-09-14T07:08:45","slug":"pracovne-oblecenie-nemusi-byt-nudne-a-nepohodlne","status":"publish","type":"post","link":"https:\/\/www.byvanie-praca-relax.sk\/index.php\/praca\/pracovne-oblecenie-nemusi-byt-nudne-a-nepohodlne\/","title":{"rendered":"Pracovn\u00e9 oble\u010denie nemus\u00ed by\u0165 nudn\u00e9 a nepohodln\u00e9"},"content":{"rendered":"<p>Ke\u010f sa povie mont\u00e9rky, v\u00e4\u010d\u0161ina z\u00a0n\u00e1s si predstav\u00ed klasick\u00e9 modr\u00e9 nohavice s\u00a0trakmi, ktor\u00e9 ni\u010d\u00edm neoh\u00farili, priam naopak. Ob\u013e\u00faben\u00e9 boli najm\u00e4 preto, \u017ee sa skr\u00e1tka mohli za\u0161pini\u0165. P\u00e1ni oble\u010den\u00ed v\u00a0mont\u00e9rkach sa c\u00edtia ako prav\u00ed \u201emajstri\u201c a\u00a0maj\u00fa istotu, \u017ee s\u00fa pod nimi chr\u00e1nen\u00ed pred zne\u010disten\u00edm. O\u00a0to predsa ide \u2013 pracovn\u00e9 oble\u010denie m\u00e1 chr\u00e1ni\u0165. \u010ci u\u017e na\u0161e telo pred zranen\u00edm a\u00a0\u00farazmi, pr\u00edpadne n\u00e1\u0161 odev pred in\u00fdm po\u0161koden\u00edm.<\/p>\n<h2>R\u00f4zne farby a\u00a0\u0161t\u00fdly<\/h2>\n<p>V\u00a0r\u00f4znych prev\u00e1dzkach je pracovn\u00fd odev doslova nevyhnutn\u00fd. Nedodr\u017eiavan\u00edm z\u00e1sad a\u00a0pravidiel na pracovisku sa \u010dasto st\u00e1va, \u017ee po pr\u00edchode kontroly mus\u00ed majite\u013e firmy zaplati\u0165 nemal\u00fa pokutu. Zamestnanci obvykle neradi nosia uniformy. Obvykle b\u00fdvaj\u00fa nepohodln\u00e9, f\u00e1dne, zle sa v\u00a0nich c\u00edtia \u010di dokonca si v\u00a0pracovn\u00fdch odevoch nepripadaj\u00fa atrakt\u00edvni.\u00a0 Preto nie je ni\u010d v\u00fdnimo\u010dn\u00e9 na situ\u00e1ci\u00e1ch, ke\u010f si zamestnanec ponech\u00e1va svoj p\u00f4vodn\u00fd odev, nemysliac pri tom na rizik\u00e1, ktor\u00e9 by mohli vznikn\u00fa\u0165.<\/p>\n<figure id=\"attachment_885\" aria-describedby=\"caption-attachment-885\" style=\"width: 768px\" class=\"wp-caption aligncenter\"><img loading=\"lazy\" decoding=\"async\" class=\"size-medium_large wp-image-885\" src=\"https:\/\/www.byvanie-praca-relax.sk\/wp-content\/uploads\/2018\/09\/pracovne-oblecenie-ardonsk.sk_-768x512.jpeg\" alt=\"Pracovn\u00e9 oble\u010denie nemus\u00ed by\u0165 nudn\u00e9 a nepohodln\u00e9\" width=\"768\" height=\"512\" srcset=\"https:\/\/www.byvanie-praca-relax.sk\/wp-content\/uploads\/2018\/09\/pracovne-oblecenie-ardonsk.sk_-768x512.jpeg 768w, https:\/\/www.byvanie-praca-relax.sk\/wp-content\/uploads\/2018\/09\/pracovne-oblecenie-ardonsk.sk_-300x200.jpeg 300w, https:\/\/www.byvanie-praca-relax.sk\/wp-content\/uploads\/2018\/09\/pracovne-oblecenie-ardonsk.sk_-500x333.jpeg 500w, https:\/\/www.byvanie-praca-relax.sk\/wp-content\/uploads\/2018\/09\/pracovne-oblecenie-ardonsk.sk_.jpeg 1280w\" sizes=\"auto, (max-width: 768px) 100vw, 768px\" \/><figcaption id=\"caption-attachment-885\" class=\"wp-caption-text\">Zdroj obr\u00e1zka:\u00a0<a href=\"http:\/\/pexels.com\/\" target=\"_blank\" rel=\"noopener\" data-saferedirecturl=\"https:\/\/www.google.com\/url?q=http:\/\/pexels.com&amp;source=gmail&amp;ust=1536976093314000&amp;usg=AFQjCNG25ObkfB9LgHa_0IXTj5yGciDiOg\">pexels.com<\/a><\/figcaption><\/figure>\n<p><a title=\"Pracovn\u00e9 odevy\" href=\"https:\/\/www.ardonsk.sk\/c\/342\/monterkove-kolekce\" target=\"_blank\" rel=\"noopener\">Pracovn\u00e9 odevy<\/a> s\u00fa nutn\u00e9 takmer v\u0161ade. Bezpe\u010dnos\u0165 a\u00a0ochrana zdravia pri pr\u00e1ci s\u00fa veci, ktor\u00e9 sa u\u010dia u\u017e \u017eiaci na z\u00e1kladn\u00fdch \u0161kol\u00e1ch, a\u00a0predsa to nie je samozrejm\u00e9. Kuch\u00e1ri, zdravotn\u00edci a \u013eudia pracuj\u00faci v\u00a0priemysle s\u00fa u\u017e od za\u010diatku pripraven\u00ed zaodieva\u0165 sa do oble\u010denia, ktor\u00e9 by si asi be\u017ene na prech\u00e1dzku nedali, av\u0161ak na\u0161\u0165astie \u2013 dnes u\u017e doba pokro\u010dila a\u00a0na trhu je mno\u017estvo variantov a\u00a0m\u00f3dneho pracovn\u00e9ho oble\u010denia. Jeho nosenie v\u00f4bec nie je povinnos\u0165ou, ale sk\u00f4r rados\u0165ou. S\u00a0lep\u0161\u00edm pocitom a\u00a0pohodl\u00edm ide pr\u00e1ca ako od ruky.<\/p>\n<p>Nie len v\u00a0pr\u00e1ci, ale aj u\u00a0v\u00e1s doma, kdeko\u013evek v\u00a0pr\u00edrode \u010di v\u00a0\u0165a\u017ekom ter\u00e9ne \u2013 v\u0161ade sa oplat\u00ed ma\u0165 kvalitn\u00e9 pracovn\u00e9 oble\u010denie. Je \u0161peci\u00e1lne prisp\u00f4soben\u00e9 na r\u00f4zne druhy \u010dinnost\u00ed. Obsahuje mno\u017estvo vreciek a\u00a0odkladacieho priestoru na r\u00f4zne n\u00e1radia \u010di r\u00fdchle odlo\u017eenie ak\u00fdchko\u013evek vec\u00ed. Jednoducho praktick\u00e9 a\u00a0mysliace na v\u0161etko.<\/p>\n<h2>Dizajnov\u00e9 k\u00fasky na r\u00f4zne vyu\u017eitie<\/h2>\n<p>Nemus\u00edte v\u00a0\u0148om vyzera\u0165 ako Pat a\u00a0Mat, pr\u00e1ve \u017ee pracovn\u00e9 oble\u010denie dne\u0161ka rozhodne m\u00e1 \u010dosi do seba! Nejde len o v\u00fdrazn\u00e9 kr\u00e1sne farby, hoci vybera\u0165 m\u00f4\u017eete z\u00a0pestrej \u0161k\u00e1ly farebnosti presne pod\u013ea va\u0161ich predst\u00e1v, alebo pod\u013ea predst\u00e1v ka\u017ed\u00e9ho zamestnanca osobitne. V\u00a0peknom, praktickom a\u00a0pohodlnom pracovnom odeve d\u00e1me zbohom v\u00fdhovork\u00e1m a\u00a0poctivo a\u00a0radi si ho v\u017edy oble\u010dieme.<\/p>\n<p>\u010ci u\u017e nohavice alebo overal, r\u00f4zne vesty a\u00a0pl\u00e1\u0161te, dokonca aj mont\u00e9rky na letn\u00fd \u010das, ktor\u00fdch d\u013a\u017eka je prisp\u00f4soben\u00e1 tepl\u00fdm d\u0148om. Je fantastick\u00e9, \u010do v\u0161etko n\u00e1m u\u017e dok\u00e1\u017ee u\u013eah\u010di\u0165 pr\u00e1cu a\u00a0skvalitni\u0165 jej priebeh a\u00a0v\u00fdsledok. Pri tom v\u0161etkom nesmieme zabudn\u00fa\u0165 na kvalitn\u00fa <a title=\"bezpe\u010dnostn\u00e1 obuv\" href=\"https:\/\/www.ardonsk.sk\/c\/310\/pracovni-obuv\" target=\"_blank\" rel=\"noopener\">bezpe\u010dnostn\u00fa obuv<\/a> a\u00a0r\u00f4zne doplnky ako prilby, okuliare, masky, alebo aj oby\u010dajn\u00e9 rukavice. Mno\u017estvo druhov a\u00a0variantov presne pod\u013ea toho, \u010do potrebujete, bud\u00fa va\u0161i vern\u00ed asistenti pri v\u0161etk\u00fdch va\u0161ich \u010dinnostiach.<\/p>\n","protected":false},"excerpt":{"rendered":"<p>Ke\u010f sa povie mont\u00e9rky, v\u00e4\u010d\u0161ina z\u00a0n\u00e1s si predstav\u00ed klasick\u00e9 modr\u00e9 nohavice s\u00a0trakmi, ktor\u00e9 ni\u010d\u00edm neoh\u00farili, priam naopak. Ob\u013e\u00faben\u00e9 boli najm\u00e4 preto, \u017ee sa skr\u00e1tka mohli&hellip;<\/p>\n","protected":false},"author":36,"featured_media":885,"comment_status":"closed","ping_status":"closed","sticky":false,"template":"","format":"standard","meta":{"footnotes":""},"categories":[69,5,71],"tags":[35,18],"class_list":["post-884","post","type-post","status-publish","format-standard","has-post-thumbnail","hentry","category-firma-zivnost","category-praca","category-pracovne-pozicie-profesia","tag-firemny-styl","tag-oblecenie"],"_links":{"self":[{"href":"https:\/\/www.byvanie-praca-relax.sk\/index.php\/wp-json\/wp\/v2\/posts\/884","targetHints":{"allow":["GET"]}}],"collection":[{"href":"https:\/\/www.byvanie-praca-relax.sk\/index.php\/wp-json\/wp\/v2\/posts"}],"about":[{"href":"https:\/\/www.byvanie-praca-relax.sk\/index.php\/wp-json\/wp\/v2\/types\/post"}],"author":[{"embeddable":true,"href":"https:\/\/www.byvanie-praca-relax.sk\/index.php\/wp-json\/wp\/v2\/users\/36"}],"replies":[{"embeddable":true,"href":"https:\/\/www.byvanie-praca-relax.sk\/index.php\/wp-json\/wp\/v2\/comments?post=884"}],"version-history":[{"count":3,"href":"https:\/\/www.byvanie-praca-relax.sk\/index.php\/wp-json\/wp\/v2\/posts\/884\/revisions"}],"predecessor-version":[{"id":888,"href":"https:\/\/www.byvanie-praca-relax.sk\/index.php\/wp-json\/wp\/v2\/posts\/884\/revisions\/888"}],"wp:featuredmedia":[{"embeddable":true,"href":"https:\/\/www.byvanie-praca-relax.sk\/index.php\/wp-json\/wp\/v2\/media\/885"}],"wp:attachment":[{"href":"https:\/\/www.byvanie-praca-relax.sk\/index.php\/wp-json\/wp\/v2\/media?parent=884"}],"wp:term":[{"taxonomy":"category","embeddable":true,"href":"https:\/\/www.byvanie-praca-relax.sk\/index.php\/wp-json\/wp\/v2\/categories?post=884"},{"taxonomy":"post_tag","embeddable":true,"href":"https:\/\/www.byvanie-praca-relax.sk\/index.php\/wp-json\/wp\/v2\/tags?post=884"}],"curies":[{"name":"wp","href":"https:\/\/api.w.org\/{rel}","templated":true}]}}