{"id":980,"date":"2019-04-24T10:37:55","date_gmt":"2019-04-24T08:37:55","guid":{"rendered":"http:\/\/www.byvanie-praca-relax.sk\/?p=980"},"modified":"2019-04-24T10:39:47","modified_gmt":"2019-04-24T08:39:47","slug":"kozena-ci-latkova-sedacka","status":"publish","type":"post","link":"https:\/\/www.byvanie-praca-relax.sk\/index.php\/byvanie\/kozena-ci-latkova-sedacka\/","title":{"rendered":"Ko\u017een\u00e1 \u010di l\u00e1tkov\u00e1 seda\u010dka? Ka\u017ed\u00e1 m\u00e1 svoje pre a proti!"},"content":{"rendered":"\n<p><em>Chcete ma\u0165 doma alebo v\u00a0kancel\u00e1rii seda\u010dku, \u010do dobre vyzer\u00e1 alebo bude sk\u00f4r nesmierne pohodln\u00e1? U\u017e \u017eiadne kompromisy! Pri <a href=\"https:\/\/www.sedackymilenium.sk\/\" target=\"_blank\" rel=\"noreferrer noopener\" aria-label=\" (opens in a new tab)\">v\u00fdbere seda\u010dky<\/a> by ste v\u0161ak mali zoh\u013eadni\u0165 aj jej praktickos\u0165. Ktor\u00e1 to napokon vyhr\u00e1 \u2013 l\u00e1tkov\u00e1 alebo ko\u017een\u00e1?<\/em><\/p>\n\n\n\n<h2 class=\"wp-block-heading\">Materi\u00e1l\nseda\u010dky v\u00e1m sadne na mieru<\/h2>\n\n\n\n<p>Vst\u00fapili sme do predajne s&nbsp;n\u00e1bytkom. Milujeme t\u00fa v\u00f4\u0148u novoty. Ako\nprech\u00e1dzame uli\u010dkami, nech\u00e1vame jednotliv\u00e9 kusy n\u00e1bytku, aby sa n\u00e1m\nprihovorili. Aktu\u00e1lne n\u00e1s zauj\u00edma najm\u00e4 oddelenie seda\u010diek. Pri v\u00fdbere n\u00e1s\nneovplyv\u0148uje iba ich dizajn, ale zaru\u010dene aj komfort pri seden\u00ed. Aj v\u00e1s\nzabrzdilo<strong> materi\u00e1lov\u00e9 spracovanie\nseda\u010dky<\/strong>? Jednoduch\u00fdm sp\u00f4sobom, ako si vybra\u0165 <strong>medzi l\u00e1tkovou alebo ko\u017eenou seda\u010dkou<\/strong>, je <strong>porovnanie cien <\/strong>alebo<strong>&nbsp;robustnosti\nseda\u010diek<\/strong>. Kvalitn\u00e9 ko\u017een\u00e9 seda\u010dky s\u00fa pomerne ve\u013ekou invest\u00edciou, av\u0161ak\nz\u00e1rove\u0148 z\u00edskavame istotu, \u017ee n\u00e1m <strong>posl\u00fa\u017eia\nnaozaj cel\u00e9 roky<\/strong>. Preto by nebolo rozumn\u00e9 p\u00fa\u0161\u0165a\u0165 sa do v\u00fdmeny seda\u010dky ka\u017ed\u00e9\ndva roky. A&nbsp;hoci si <strong>rovnako\npohodlne posed\u00edme na l\u00e1tkovej aj ko\u017eenej seda\u010dke<\/strong>, motivova\u0165 pri v\u00fdbere by\nn\u00e1s malo aj to, \u010di nebude seda\u010dka v&nbsp;miestnosti p\u00f4sobi\u0165 ako p\u00e4s\u0165 na oko. <strong>Ko\u017een\u00e1 seda\u010dka vyzer\u00e1 zaiste robustnej\u0161ie<\/strong>\nako be\u017en\u00e1 l\u00e1tkov\u00e1 seda\u010dka, preto by v&nbsp;malej ob\u00fdva\u010dke nep\u00f4sobila tak\n\u0161t\u00fdlovo, ako sme p\u00f4vodne pl\u00e1novali. Ke\u010f m\u00e1 by\u0165 <strong>seda\u010dka dominantou miestnosti<\/strong>, ur\u010dite to nedocielime jej nespr\u00e1vnym\nv\u00fdberom.&nbsp; <\/p>\n\n\n\n<figure class=\"wp-block-image\"><img loading=\"lazy\" decoding=\"async\" width=\"960\" height=\"668\" src=\"https:\/\/www.byvanie-praca-relax.sk\/wp-content\/uploads\/2019\/04\/latkova-sedacka.jpg\" alt=\"Materi\u00e1l seda\u010dky v\u00e1m sadne na mieru\" class=\"wp-image-982\" srcset=\"https:\/\/www.byvanie-praca-relax.sk\/wp-content\/uploads\/2019\/04\/latkova-sedacka.jpg 960w, https:\/\/www.byvanie-praca-relax.sk\/wp-content\/uploads\/2019\/04\/latkova-sedacka-300x209.jpg 300w, https:\/\/www.byvanie-praca-relax.sk\/wp-content\/uploads\/2019\/04\/latkova-sedacka-768x534.jpg 768w, https:\/\/www.byvanie-praca-relax.sk\/wp-content\/uploads\/2019\/04\/latkova-sedacka-479x333.jpg 479w\" sizes=\"auto, (max-width: 960px) 100vw, 960px\" \/><figcaption> Zdroj obr\u00e1zka:&nbsp;<a rel=\"noreferrer noopener\" href=\"http:\/\/pixabay.com\/\" target=\"_blank\">pixabay.com<\/a> <\/figcaption><\/figure>\n\n\n\n<h2 class=\"wp-block-heading\">Ko\u017een\u00e1\nseda\u010dka s&nbsp;\u013eahkou \u00fadr\u017ebou<\/h2>\n\n\n\n<p><strong><a href=\"https:\/\/www.sedackymilenium.sk\/kvalitne-sedacie-supravy-na-mieru\/\" target=\"_blank\" rel=\"noreferrer noopener\" aria-label=\" (opens in a new tab)\">Seda\u010dku z\u00a0pravej ko\u017ee<\/a><\/strong> si ur\u010dite zamilujete najm\u00e4 preto, \u017ee sa u\u00a0v\u00e1s doma nestane ak\u00fdmsi hlta\u010dom prachu a\u00a0ne\u010dist\u00f4t. M\u00e1te istotu, \u017ee ke\u010f ju pretriete vhodn\u00fdmi \u010distiacimi prostriedkami, nielen\u017ee sa \u0161piny zbav\u00edte, ale takisto sa jej postar\u00e1te o\u00a0dlh\u00fa \u017eivotnos\u0165. Ko\u017ea ako materi\u00e1l je <strong>farebne st\u00e1la a\u00a0jednoducho sa udr\u017eiava<\/strong>, \u010di m\u00e1te dom\u00e1ceho mil\u00e1\u010dika, alebo mal\u00e9 deti, ktor\u00e9 na seda\u010dke \u010dasto konzumuj\u00fa. V\u00a0letnom obdob\u00ed <strong>kvalitn\u00e1 ko\u017een\u00e1 seda\u010dka<\/strong> nev\u0155zga ani nezap\u00e1cha a\u00a0takisto pote\u0161\u00ed, \u017ee nesaje pot z\u00a0tela. Ko\u017een\u00e9 seda\u010dky dobre d\u00fdchaj\u00fa, a\u00a0preto nie je pravda, \u017ee by v\u00e1s v\u00a0zime na tele chladili. Stala sa v\u00e1m drobn\u00e1 nehoda a\u00a0ko\u017eu na seda\u010dke sa v\u00e1m podarilo roztrhn\u00fa\u0165? Jej oprava vyjde drah\u0161ie, preto si rad\u0161ej dajte na ostr\u00e9 predmety pozor.<\/p>\n\n\n\n<figure class=\"wp-block-image\"><img loading=\"lazy\" decoding=\"async\" width=\"1920\" height=\"1114\" src=\"https:\/\/www.byvanie-praca-relax.sk\/wp-content\/uploads\/2019\/04\/kozena-sedacia-suprava.jpg\" alt=\"Ko\u017een\u00e1 seda\u010dka s \u013eahkou \u00fadr\u017ebou\" class=\"wp-image-981\" srcset=\"https:\/\/www.byvanie-praca-relax.sk\/wp-content\/uploads\/2019\/04\/kozena-sedacia-suprava.jpg 1920w, https:\/\/www.byvanie-praca-relax.sk\/wp-content\/uploads\/2019\/04\/kozena-sedacia-suprava-300x174.jpg 300w, https:\/\/www.byvanie-praca-relax.sk\/wp-content\/uploads\/2019\/04\/kozena-sedacia-suprava-768x446.jpg 768w, https:\/\/www.byvanie-praca-relax.sk\/wp-content\/uploads\/2019\/04\/kozena-sedacia-suprava-500x290.jpg 500w\" sizes=\"auto, (max-width: 1920px) 100vw, 1920px\" \/><figcaption> Zdroj obr\u00e1zka:&nbsp;<a rel=\"noreferrer noopener\" href=\"http:\/\/pixabay.com\/\" target=\"_blank\">pixabay.com<\/a> <\/figcaption><\/figure>\n\n\n\n<h2 class=\"wp-block-heading\">\u0160irok\u00fd\nv\u00fdber po\u0165ahov l\u00e1tkov\u00fdch seda\u010diek<\/h2>\n\n\n\n<p>Ak v\u00e1m nevyhovuje trochu u\u017e\u0161ia farebn\u00e1 \u0161k\u00e1la ko\u017een\u00fdch seda\u010diek, pri t\u00fdch <strong>l\u00e1tkov\u00fdch si zaru\u010dene pr\u00eddete na svoje<\/strong>.\nPo\u0165ahy na l\u00e1tkov\u00e9 seda\u010dky sa vyr\u00e1baj\u00fa <strong>vo\nv\u0161akovak\u00fdch materi\u00e1lov\u00fdch i&nbsp;farebn\u00fdch prevedeniach<\/strong>, a&nbsp;tak si\nm\u00f4\u017eete vybra\u0165 presne tak\u00fd po\u0165ah, ktor\u00fd v\u00e1m bude pr\u00edjemn\u00fd na dotyk\na&nbsp;zvl\u00e1dne aj konkr\u00e9tnu z\u00e1\u0165a\u017e. Aj medzi l\u00e1tkov\u00fdmi seda\u010dkami n\u00e1jdete po\u0165ahy,\nktor\u00e9 sa jednoducho udr\u017eiavaj\u00fa, no tie lacnej\u0161ie modely treba st\u00e1le pr\u00e1cne\n\u010disti\u0165 tepovac\u00edmi prostriedkami. Z&nbsp;niektor\u00fdch seda\u010diek sa d\u00e1 dokonca po\u0165ah\nstiahnu\u0165 a&nbsp;vypra\u0165. V\u00fdhodou l\u00e1tkov\u00fdch seda\u010diek je, \u017ee si ich za pomerne\nlacno viete da\u0165 pre\u010dal\u00fani\u0165, \u010d\u00edm z\u00edska seda\u010dka \u00faplne in\u00fd vzh\u013ead. Nech sa\nrozhodnete pre ak\u00fdko\u013evek variant, <strong>ko\u017een\u00e1\ni&nbsp;l\u00e1tkov\u00e1 seda\u010dka sa stane vizitkou v\u00e1\u0161ho dobr\u00e9ho vkusu<\/strong> a&nbsp;ne\u017eiv\u00fdm\n\u010dlenom va\u0161ej dom\u00e1cnosti.&nbsp; <\/p>\n","protected":false},"excerpt":{"rendered":"<p>Chcete ma\u0165 doma alebo v kancel\u00e1rii seda\u010dku, \u010do dobre vyzer\u00e1 alebo bude sk\u00f4r nesmierne pohodln\u00e1? U\u017e \u017eiadne kompromisy! Pri v\u00fdbere seda\u010dky by ste v\u0161ak mali zoh\u013eadni\u0165 aj jej praktickos\u0165. Ktor\u00e1 to napokon vyhr\u00e1 \u2013 l\u00e1tkov\u00e1 alebo ko\u017een\u00e1?<\/p>\n","protected":false},"author":36,"featured_media":982,"comment_status":"closed","ping_status":"closed","sticky":false,"template":"","format":"standard","meta":{"footnotes":""},"categories":[66,4,19,70,5],"tags":[],"class_list":["post-980","post","type-post","status-publish","format-standard","has-post-thumbnail","hentry","category-byt-dom","category-byvanie","category-domacnost","category-kancelaria-pracovne-prostredie","category-praca"],"_links":{"self":[{"href":"https:\/\/www.byvanie-praca-relax.sk\/index.php\/wp-json\/wp\/v2\/posts\/980","targetHints":{"allow":["GET"]}}],"collection":[{"href":"https:\/\/www.byvanie-praca-relax.sk\/index.php\/wp-json\/wp\/v2\/posts"}],"about":[{"href":"https:\/\/www.byvanie-praca-relax.sk\/index.php\/wp-json\/wp\/v2\/types\/post"}],"author":[{"embeddable":true,"href":"https:\/\/www.byvanie-praca-relax.sk\/index.php\/wp-json\/wp\/v2\/users\/36"}],"replies":[{"embeddable":true,"href":"https:\/\/www.byvanie-praca-relax.sk\/index.php\/wp-json\/wp\/v2\/comments?post=980"}],"version-history":[{"count":3,"href":"https:\/\/www.byvanie-praca-relax.sk\/index.php\/wp-json\/wp\/v2\/posts\/980\/revisions"}],"predecessor-version":[{"id":985,"href":"https:\/\/www.byvanie-praca-relax.sk\/index.php\/wp-json\/wp\/v2\/posts\/980\/revisions\/985"}],"wp:featuredmedia":[{"embeddable":true,"href":"https:\/\/www.byvanie-praca-relax.sk\/index.php\/wp-json\/wp\/v2\/media\/982"}],"wp:attachment":[{"href":"https:\/\/www.byvanie-praca-relax.sk\/index.php\/wp-json\/wp\/v2\/media?parent=980"}],"wp:term":[{"taxonomy":"category","embeddable":true,"href":"https:\/\/www.byvanie-praca-relax.sk\/index.php\/wp-json\/wp\/v2\/categories?post=980"},{"taxonomy":"post_tag","embeddable":true,"href":"https:\/\/www.byvanie-praca-relax.sk\/index.php\/wp-json\/wp\/v2\/tags?post=980"}],"curies":[{"name":"wp","href":"https:\/\/api.w.org\/{rel}","templated":true}]}}