{"id":999,"date":"2019-05-10T08:00:55","date_gmt":"2019-05-10T06:00:55","guid":{"rendered":"http:\/\/www.byvanie-praca-relax.sk\/?p=999"},"modified":"2020-06-24T21:06:55","modified_gmt":"2020-06-24T19:06:55","slug":"umele-kvety-a-vas-najkrajsi-den","status":"publish","type":"post","link":"https:\/\/www.byvanie-praca-relax.sk\/index.php\/relax\/umele-kvety-a-vas-najkrajsi-den\/","title":{"rendered":"Umel\u00e9 kvety a V\u00e1\u0161 najkraj\u0161\u00ed de\u0148"},"content":{"rendered":"\n<p>M\u00e1te pred sebou najkraj\u0161\u00ed de\u0148 V\u00e1\u0161ho \u017eivota? \u00c1no, mysl\u00edme na\nten svadobn\u00fd. Tak potom ur\u010dite rozm\u00fd\u0161\u013eate ak\u00fa kvetinov\u00fa v\u00fdzdobu si zvol\u00edte na\nt\u00fato pr\u00edle\u017eitos\u0165. Kvety s\u00fa pr\u00edtomn\u00e9 na ka\u017edej svadbe. Nevestinou kyticou\nza\u010d\u00ednaj\u00fac, kon\u010diac v\u00fdzdobou s\u00e1ly a stolov.<\/p>\n\n\n\n<p>Ke\u010f sa pozrieme do hist\u00f3rie, na svadobn\u00e9 v\u00fdzdoby sa\npou\u017e\u00edvali \u017eiv\u00e9 kvety. Ich \u00falohou bolo zahna\u0165 zl\u00fdch duchov a prerazi\u0165 niektor\u00e9\npachy. Na to sl\u00fa\u017eili rastlinky a bylinky.<\/p>\n\n\n\n<p>Dne\u0161n\u00e1 modern\u00e1 spolo\u010dnos\u0165 pon\u00faka aj in\u00e9 mo\u017enosti a jednou z nich je pou\u017ei\u0165 na v\u00fdzdobu svadobn\u00e9ho interi\u00e9ru a exteri\u00e9ru <a rel=\"noreferrer noopener\" aria-label=\"umel\u00e9 kvety  (opens in a new tab)\" href=\"https:\/\/www.dekora.sk\" target=\"_blank\">umel\u00e9 kvety<\/a>. Sk\u00fasme im da\u0165 spolu \u0161ancu a pozrie\u0165 sa na mo\u017enosti ich vyu\u017eitia a na ich prednosti.<\/p>\n\n\n\n<div class=\"wp-block-image\"><figure class=\"aligncenter\"><img loading=\"lazy\" decoding=\"async\" width=\"500\" height=\"333\" src=\"http:\/\/www.byvanie-praca-relax.sk\/wp-content\/uploads\/2019\/05\/svadba-postavy-500x333.jpg\" alt=\"\" class=\"wp-image-1000\" srcset=\"https:\/\/www.byvanie-praca-relax.sk\/wp-content\/uploads\/2019\/05\/svadba-postavy-500x333.jpg 500w, https:\/\/www.byvanie-praca-relax.sk\/wp-content\/uploads\/2019\/05\/svadba-postavy-300x200.jpg 300w, https:\/\/www.byvanie-praca-relax.sk\/wp-content\/uploads\/2019\/05\/svadba-postavy.jpg 650w\" sizes=\"auto, (max-width: 500px) 100vw, 500px\" \/><\/figure><\/div>\n\n\n\n<p>Umel\u00e9 kvety s\u00fa v porovnan\u00ed s v\u00fdzdobou zo \u017eiv\u00fdch kvetov ove\u013ea lacnej\u0161ia. V\u00fdzdobu si m\u00f4\u017eete zapo\u017ei\u010da\u0165 od svadobnej agent\u00fary alebo ke\u010f je vo Va\u0161om vlastn\u00edctve pon\u00faknu\u0165 na predaj \u010fal\u0161\u00edm \u010dakaj\u00facim na &#8220;tento svoj de\u0148&#8221;.  <\/p>\n\n\n\n<p>Ich ve\u013ekou v\u00fdhodou je, \u017ee s\u00fa vhodn\u00e9 pre alergikov, ktor\u00ed by v miestnosti plnej \u017eiv\u00fdch kvetov mali probl\u00e9my. <\/p>\n\n\n\n<p>Z umel\u00fdch kvetov sa daj\u00fa urobi\u0165 r\u00f4znorod\u00e9 dekor\u00e1cie, aran\u017em\u00e1ny, pierka, <a href=\"https:\/\/dekora.sk\/index.php\/eshop-umele-kvety\/k-kvety-a-kytice-1\/k-kytice-chryzantema-orchidea-kala-1\" target=\"_blank\" rel=\"noreferrer noopener\" aria-label=\"kyti\ufffcce  (opens in a new tab)\">kytice <\/a> &#8211; no proste v\u0161etko. Nemus\u00edte sa ob\u00e1va\u0165, \u017ee ste k\u00fapili \u017eiv\u00e9 kvety po z\u00e1ruke, ktor\u00e9 s\u00fa v de\u0148 svadby zrel\u00e9 na vyhodenie.<\/p>\n\n\n\n<p>Podstatn\u00e9 je aj to, \u017ee v s\u00fa\u010dasnosti m\u00e1me na v\u00fdber hodnotn\u00e9 a\nkvalitn\u00e9 umel\u00e9 kvety nielen \u010do sa t\u00fdka materi\u00e1lu, ale aj vzh\u013eadu. Mnoh\u00e9 s\u00fa na\nnerozoznanie od \u017eiv\u00fdch, dokonca aj pri dotyku. Vo v\u00e1ze ch\u00fdba iba voda a t\u00fdm s\u00fa\nodhalen\u00e9. A o farb\u00e1ch a farebn\u00fdch kombin\u00e1ci\u00e1ch ani nehovoriac.&nbsp;<\/p>\n\n\n\n<div class=\"wp-block-image\"><figure class=\"aligncenter\"><img loading=\"lazy\" decoding=\"async\" width=\"500\" height=\"280\" src=\"http:\/\/www.byvanie-praca-relax.sk\/wp-content\/uploads\/2019\/05\/tulip\u00e1n-svadba-500x280.jpg\" alt=\"\" class=\"wp-image-1003\" srcset=\"https:\/\/www.byvanie-praca-relax.sk\/wp-content\/uploads\/2019\/05\/tulip\u00e1n-svadba-500x280.jpg 500w, https:\/\/www.byvanie-praca-relax.sk\/wp-content\/uploads\/2019\/05\/tulip\u00e1n-svadba-300x168.jpg 300w, https:\/\/www.byvanie-praca-relax.sk\/wp-content\/uploads\/2019\/05\/tulip\u00e1n-svadba-768x430.jpg 768w, https:\/\/www.byvanie-praca-relax.sk\/wp-content\/uploads\/2019\/05\/tulip\u00e1n-svadba.jpg 825w\" sizes=\"auto, (max-width: 500px) 100vw, 500px\" \/><\/figure><\/div>\n\n\n\n<p>Ke\u010f sme V\u00e1s t\u00fdmto \u010dl\u00e1nkom oslovili, m\u00f4\u017eete si pozrie\u0165 na\u0161u,\nale aj ponuku in\u00fdch internetov\u00fdch obchodov pon\u00fakaj\u00facich umel\u00e9 kvety a necha\u0165 sa\nin\u0161pirova\u0165.<\/p>\n\n\n\n<p>Prajeme kr\u00e1sny svadobn\u00fd de\u0148<\/p>\n\n\n\n<p>Kolekt\u00edv Dekora Poprad<\/p>\n","protected":false},"excerpt":{"rendered":"<p>M\u00e1te pred sebou najkraj\u0161\u00ed de\u0148 V\u00e1\u0161ho \u017eivota? \u00c1no, mysl\u00edme na ten svadobn\u00fd. Tak potom ur\u010dite rozm\u00fd\u0161\u013eate ak\u00fa kvetinov\u00fa v\u00fdzdobu si zvol\u00edte na t\u00fato pr\u00edle\u017eitos\u0165. Kvety&hellip;<\/p>\n","protected":false},"author":5,"featured_media":1002,"comment_status":"closed","ping_status":"closed","sticky":false,"template":"","format":"standard","meta":{"footnotes":""},"categories":[19,6,111,76],"tags":[],"class_list":["post-999","post","type-post","status-publish","format-standard","has-post-thumbnail","hentry","category-domacnost","category-relax","category-rodina","category-zdravie-medicina"],"_links":{"self":[{"href":"https:\/\/www.byvanie-praca-relax.sk\/index.php\/wp-json\/wp\/v2\/posts\/999","targetHints":{"allow":["GET"]}}],"collection":[{"href":"https:\/\/www.byvanie-praca-relax.sk\/index.php\/wp-json\/wp\/v2\/posts"}],"about":[{"href":"https:\/\/www.byvanie-praca-relax.sk\/index.php\/wp-json\/wp\/v2\/types\/post"}],"author":[{"embeddable":true,"href":"https:\/\/www.byvanie-praca-relax.sk\/index.php\/wp-json\/wp\/v2\/users\/5"}],"replies":[{"embeddable":true,"href":"https:\/\/www.byvanie-praca-relax.sk\/index.php\/wp-json\/wp\/v2\/comments?post=999"}],"version-history":[{"count":4,"href":"https:\/\/www.byvanie-praca-relax.sk\/index.php\/wp-json\/wp\/v2\/posts\/999\/revisions"}],"predecessor-version":[{"id":1008,"href":"https:\/\/www.byvanie-praca-relax.sk\/index.php\/wp-json\/wp\/v2\/posts\/999\/revisions\/1008"}],"wp:featuredmedia":[{"embeddable":true,"href":"https:\/\/www.byvanie-praca-relax.sk\/index.php\/wp-json\/wp\/v2\/media\/1002"}],"wp:attachment":[{"href":"https:\/\/www.byvanie-praca-relax.sk\/index.php\/wp-json\/wp\/v2\/media?parent=999"}],"wp:term":[{"taxonomy":"category","embeddable":true,"href":"https:\/\/www.byvanie-praca-relax.sk\/index.php\/wp-json\/wp\/v2\/categories?post=999"},{"taxonomy":"post_tag","embeddable":true,"href":"https:\/\/www.byvanie-praca-relax.sk\/index.php\/wp-json\/wp\/v2\/tags?post=999"}],"curies":[{"name":"wp","href":"https:\/\/api.w.org\/{rel}","templated":true}]}}